{"id":76300,"date":"2025-12-24T12:34:49","date_gmt":"2025-12-24T09:34:49","guid":{"rendered":"https:\/\/www.egemtv.com\/?p=76300"},"modified":"2025-12-24T12:34:50","modified_gmt":"2025-12-24T09:34:50","slug":"altintasta-aile-okulu-kursu-devam-ediyor","status":"publish","type":"post","link":"https:\/\/www.egemtv.com\/?p=76300","title":{"rendered":"Alt\u0131nta\u015f\u2019ta Aile Okulu Kursu devam ediyor"},"content":{"rendered":"<p>K\u00fctahya\u2019n\u0131n Alt\u0131nta\u015f il\u00e7esinde, T\u00fcrkiye Y\u00fczy\u0131l\u0131 Maarif Modeli kapsam\u0131nda y\u00fcr\u00fct\u00fclen Aile Okulu Kursu d\u00fczenli olarak devam ediyor.<br \/>\n<br \/>\u0130l\u00e7e Milli E\u011fitim M\u00fcd\u00fcr\u00fc Tuba Sinan ile \u015fube m\u00fcd\u00fcrleri, kursu ziyaret ederek y\u00fcr\u00fct\u00fclen \u00e7al\u0131\u015fmalar hakk\u0131nda yetkililerden bilgi ald\u0131. Ziyaret s\u0131ras\u0131nda kursiyerlerle de sohbet eden y\u00f6neticiler, ailelerin e\u011fitime kat\u0131l\u0131m\u0131n\u0131n \u00f6nemine vurgu yapt\u0131.<br \/>\n<br \/>Aile kat\u0131l\u0131m\u0131n\u0131 g\u00fc\u00e7lendirmeyi, \u00f6\u011frencilerin akademik ve sosyal geli\u015fimlerini desteklemeyi ama\u00e7layan Aile Okulu Kursu, il\u00e7ede velilerin yo\u011fun ilgisiyle s\u00fcrd\u00fcr\u00fcl\u00fcyor.<br \/>\n<br \/>\u0130l\u00e7e Milli E\u011fitim M\u00fcd\u00fcr\u00fc Tuba Sinan, kursun y\u00fcr\u00fct\u00fclmesinde eme\u011fi ge\u00e7en idareci ve \u00f6\u011fretmenlere te\u015fekk\u00fcr ederek kursiyer velilere ba\u015far\u0131lar diledi.<br \/><\/p>\n","protected":false},"excerpt":{"rendered":"<p>K\u00fctahya\u2019n\u0131n Alt\u0131nta\u015f il\u00e7esinde, T\u00fcrkiye Y\u00fczy\u0131l\u0131 Maarif Modeli kapsam\u0131nda y\u00fcr\u00fct\u00fclen Aile Okulu Kursu d\u00fczenli olarak devam ediyor. \u0130l\u00e7e Milli E\u011fitim M\u00fcd\u00fcr\u00fc Tuba Sinan ile \u015fube m\u00fcd\u00fcrleri, kursu ziyaret ederek y\u00fcr\u00fct\u00fclen \u00e7al\u0131\u015fmalar hakk\u0131nda yetkililerden bilgi ald\u0131. Ziyaret s\u0131ras\u0131nda kursiyerlerle de sohbet eden y\u00f6neticiler, ailelerin e\u011fitime kat\u0131l\u0131m\u0131n\u0131n \u00f6nemine vurgu yapt\u0131. Aile kat\u0131l\u0131m\u0131n\u0131 g\u00fc\u00e7lendirmeyi, \u00f6\u011frencilerin akademik ve sosyal geli\u015fimlerini&#8230;<\/p>\n","protected":false},"author":1,"featured_media":76301,"comment_status":"open","ping_status":"open","sticky":false,"template":"","format":"standard","meta":{"_crdt_document":"","footnotes":""},"categories":[1],"tags":[],"class_list":["post-76300","post","type-post","status-publish","format-standard","has-post-thumbnail","hentry","category-guncel"],"_links":{"self":[{"href":"https:\/\/www.egemtv.com\/index.php?rest_route=\/wp\/v2\/posts\/76300","targetHints":{"allow":["GET"]}}],"collection":[{"href":"https:\/\/www.egemtv.com\/index.php?rest_route=\/wp\/v2\/posts"}],"about":[{"href":"https:\/\/www.egemtv.com\/index.php?rest_route=\/wp\/v2\/types\/post"}],"author":[{"embeddable":true,"href":"https:\/\/www.egemtv.com\/index.php?rest_route=\/wp\/v2\/users\/1"}],"replies":[{"embeddable":true,"href":"https:\/\/www.egemtv.com\/index.php?rest_route=%2Fwp%2Fv2%2Fcomments&post=76300"}],"version-history":[{"count":1,"href":"https:\/\/www.egemtv.com\/index.php?rest_route=\/wp\/v2\/posts\/76300\/revisions"}],"predecessor-version":[{"id":76302,"href":"https:\/\/www.egemtv.com\/index.php?rest_route=\/wp\/v2\/posts\/76300\/revisions\/76302"}],"wp:featuredmedia":[{"embeddable":true,"href":"https:\/\/www.egemtv.com\/index.php?rest_route=\/wp\/v2\/media\/76301"}],"wp:attachment":[{"href":"https:\/\/www.egemtv.com\/index.php?rest_route=%2Fwp%2Fv2%2Fmedia&parent=76300"}],"wp:term":[{"taxonomy":"category","embeddable":true,"href":"https:\/\/www.egemtv.com\/index.php?rest_route=%2Fwp%2Fv2%2Fcategories&post=76300"},{"taxonomy":"post_tag","embeddable":true,"href":"https:\/\/www.egemtv.com\/index.php?rest_route=%2Fwp%2Fv2%2Ftags&post=76300"}],"curies":[{"name":"wp","href":"https:\/\/api.w.org\/{rel}","templated":true}]}}