{"id":76297,"date":"2025-12-24T12:34:48","date_gmt":"2025-12-24T09:34:48","guid":{"rendered":"https:\/\/www.egemtv.com\/?p=76297"},"modified":"2025-12-24T12:34:49","modified_gmt":"2025-12-24T09:34:49","slug":"aydinda-ogrenciler-yaban-hayati-ve-dogayi-yakindan-taniyor","status":"publish","type":"post","link":"https:\/\/www.egemtv.com\/?p=76297","title":{"rendered":"Ayd\u0131n\u2019da \u00f6\u011frenciler yaban hayat\u0131 ve do\u011fay\u0131 yak\u0131ndan tan\u0131yor"},"content":{"rendered":"<p>Ayd\u0131n\u2019da do\u011fan\u0131n ve yaban hayat\u0131n\u0131n savunucular\u0131 olarak bilinen ekipler, gen\u00e7lere do\u011fan\u0131n \u00f6nemi ve korunmas\u0131 konusunda gen\u00e7lere yol g\u00f6stermeye devam ederken, \u00f6\u011frenciler, yaban hayat\u0131 ve biyolojik \u00e7e\u015fitlilik hakk\u0131nda bilin\u00e7lendiriliyor.<\/p>\n<p>Do\u011fa Koruma ve Milli Parklar Ayd\u0131n \u015eube M\u00fcd\u00fcrl\u00fc\u011f\u00fc (DKMP), \u00f6\u011frencileri do\u011fa ile bulu\u015fturmak ve \u00e7evre bilincini art\u0131rmak amac\u0131yla y\u00fcr\u00fctt\u00fc\u011f\u00fc do\u011fa e\u011fitimlerine aral\u0131ks\u0131z devam ediyor. Bu kapsamda Adnan Menderes Anadolu Lisesi \u00c7evre Kul\u00fcb\u00fc \u00f6\u011frencileri, DKMP\u2019ye ba\u011fl\u0131 Do\u011fa E\u011fitim Merkezi\u2019ni ziyaret etti. Yaban hayat\u0131 ile uyumlu \u015fekilde haz\u0131rlanan Do\u011fa E\u011fitim Merkezi\u2019nde ger\u00e7ekle\u015ftirilen ziyarette \u00f6\u011frenciler; biyolojik \u00e7e\u015fitlilik, ekosistem dengesi, yaban hayat\u0131n\u0131n korunmas\u0131 ve do\u011faya kar\u015f\u0131 sorumluluk bilinci konular\u0131nda bilgilendirildi. E\u011fitimler sayesinde \u00f6\u011frenciler, do\u011fay\u0131 yak\u0131ndan tan\u0131ma f\u0131rsat\u0131 buldu.<\/p>\n<p>Merkezin d\u0131\u015f\u0131nda okul ziyaretlerini de s\u00fcrd\u00fcren DKMP Ayd\u0131n \u015eube M\u00fcd\u00fcrl\u00fc\u011f\u00fc ekipleri, Y\u00f6r\u00fck Ali Efe \u0130lkokulu ile Yahya Kemal Beyatl\u0131 \u0130lkokulu\u2019nda da do\u011fa ve \u00e7evre e\u011fitimleri d\u00fczenledi. \u0130lkokul \u00f6\u011frencilerine y\u00f6nelik ger\u00e7ekle\u015ftirilen e\u011fitimlerde, biyolojik \u00e7e\u015fitlili\u011fin \u00f6nemi, do\u011fal ya\u015fam\u0131n korunmas\u0131 ve \u00e7evreye duyarl\u0131 davran\u0131\u015flar e\u011flenceli ve \u00f6\u011fretici y\u00f6ntemlerle aktar\u0131ld\u0131.<\/p>\n<p>Uzman e\u011fitmenler taraf\u0131ndan yaban hayvanlar\u0131, Ayd\u0131n\u2019a \u00f6zel endemik bitkiler, do\u011fal ya\u015fam alanlar\u0131, korunan alanlar ve sulak alanlar konular\u0131nda \u00f6\u011frenciler bilgilendirilirken, e\u011fitimlerin periyodik olarak devam edece\u011fi \u00f6\u011frenildi.<br \/><\/p>\n","protected":false},"excerpt":{"rendered":"<p>Ayd\u0131n\u2019da do\u011fan\u0131n ve yaban hayat\u0131n\u0131n savunucular\u0131 olarak bilinen ekipler, gen\u00e7lere do\u011fan\u0131n \u00f6nemi ve korunmas\u0131 konusunda gen\u00e7lere yol g\u00f6stermeye devam ederken, \u00f6\u011frenciler, yaban hayat\u0131 ve biyolojik \u00e7e\u015fitlilik hakk\u0131nda bilin\u00e7lendiriliyor. Do\u011fa Koruma ve Milli Parklar Ayd\u0131n \u015eube M\u00fcd\u00fcrl\u00fc\u011f\u00fc (DKMP), \u00f6\u011frencileri do\u011fa ile bulu\u015fturmak ve \u00e7evre bilincini art\u0131rmak amac\u0131yla y\u00fcr\u00fctt\u00fc\u011f\u00fc do\u011fa e\u011fitimlerine aral\u0131ks\u0131z devam ediyor. Bu kapsamda Adnan&#8230;<\/p>\n","protected":false},"author":1,"featured_media":76298,"comment_status":"open","ping_status":"open","sticky":false,"template":"","format":"standard","meta":{"_crdt_document":"","footnotes":""},"categories":[1],"tags":[],"class_list":["post-76297","post","type-post","status-publish","format-standard","has-post-thumbnail","hentry","category-guncel"],"_links":{"self":[{"href":"https:\/\/www.egemtv.com\/index.php?rest_route=\/wp\/v2\/posts\/76297","targetHints":{"allow":["GET"]}}],"collection":[{"href":"https:\/\/www.egemtv.com\/index.php?rest_route=\/wp\/v2\/posts"}],"about":[{"href":"https:\/\/www.egemtv.com\/index.php?rest_route=\/wp\/v2\/types\/post"}],"author":[{"embeddable":true,"href":"https:\/\/www.egemtv.com\/index.php?rest_route=\/wp\/v2\/users\/1"}],"replies":[{"embeddable":true,"href":"https:\/\/www.egemtv.com\/index.php?rest_route=%2Fwp%2Fv2%2Fcomments&post=76297"}],"version-history":[{"count":1,"href":"https:\/\/www.egemtv.com\/index.php?rest_route=\/wp\/v2\/posts\/76297\/revisions"}],"predecessor-version":[{"id":76299,"href":"https:\/\/www.egemtv.com\/index.php?rest_route=\/wp\/v2\/posts\/76297\/revisions\/76299"}],"wp:featuredmedia":[{"embeddable":true,"href":"https:\/\/www.egemtv.com\/index.php?rest_route=\/wp\/v2\/media\/76298"}],"wp:attachment":[{"href":"https:\/\/www.egemtv.com\/index.php?rest_route=%2Fwp%2Fv2%2Fmedia&parent=76297"}],"wp:term":[{"taxonomy":"category","embeddable":true,"href":"https:\/\/www.egemtv.com\/index.php?rest_route=%2Fwp%2Fv2%2Fcategories&post=76297"},{"taxonomy":"post_tag","embeddable":true,"href":"https:\/\/www.egemtv.com\/index.php?rest_route=%2Fwp%2Fv2%2Ftags&post=76297"}],"curies":[{"name":"wp","href":"https:\/\/api.w.org\/{rel}","templated":true}]}}