{"id":76294,"date":"2025-12-24T12:34:47","date_gmt":"2025-12-24T09:34:47","guid":{"rendered":"https:\/\/www.egemtv.com\/?p=76294"},"modified":"2025-12-24T12:34:48","modified_gmt":"2025-12-24T09:34:48","slug":"aydinda-bagimlilikla-mucadele-paneli-duzenlendi","status":"publish","type":"post","link":"https:\/\/www.egemtv.com\/?p=76294","title":{"rendered":"Ayd\u0131n\u2019da Ba\u011f\u0131ml\u0131l\u0131kla M\u00fccadele Paneli d\u00fczenlendi"},"content":{"rendered":"<p>Ayd\u0131n, Nazilli ve S\u00f6ke Denetimli Serbestlik M\u00fcd\u00fcrl\u00fckleri taraf\u0131ndan, Denetimli Serbestlik Sisteminin 20. kurulu\u015f y\u0131l\u0131 kapsam\u0131nda &#8220;20. Y\u0131l\u0131nda Denetimli Serbestlik ve Ba\u011f\u0131ml\u0131l\u0131kla M\u00fccadele&#8221; paneli ger\u00e7ekle\u015ftirildi.<\/p>\n<p>Adnan Menderes \u00dcniversitesi Atat\u00fcrk Kongre Merkezi Ayd\u0131n Bey Konferans Salonu\u2019nda d\u00fczenlenen etkinlik; Ayd\u0131n Cumhuriyet Ba\u015fsavc\u0131s\u0131 Celal Tekin, Adli Yarg\u0131 Adalet Komisyonu Ba\u015fkan\u0131 \u00d6nder K\u00fcr\u015fad Mutlu, 1. \u0130dare Mahkemesi Ba\u015fkan\u0131 Ahmet K\u0131l\u0131\u00e7, 2. \u0130dare Mahkemesi Ba\u015fkan\u0131 Soner Akba\u015f, Ayd\u0131n Baro Ba\u015fkan\u0131 Utku Devrim Bar\u0131\u015f Arslan, Adnan Menderes \u00dcniversitesi Rekt\u00f6r Yard\u0131mc\u0131s\u0131 Prof. Dr. Cengiz \u00d6zarslan, Nazilli Cumhuriyet Ba\u015fsavc\u0131s\u0131 Murat Dilsiz, S\u00f6ke Cumhuriyet Ba\u015fsavc\u0131s\u0131 Ya\u015far \u00d6zkan ile yarg\u0131 mensuplar\u0131, \u00fcniversite akademisyenleri, \u00f6\u011frenciler ve denetimli serbestlik ile ceza infaz kurumu personelinin kat\u0131l\u0131m\u0131yla ger\u00e7ekle\u015ftirildi.<\/p>\n<p>Panelde, denetimli serbestli\u011fin geli\u015fim s\u00fcreci ve ba\u011f\u0131ml\u0131l\u0131kla m\u00fccadele \u00e7al\u0131\u015fmalar\u0131 ele al\u0131nd\u0131. Ayd\u0131n Denetimli Serbestlik M\u00fcd\u00fcrl\u00fc\u011f\u00fc \u00d6\u011fretmeni Ayhan T\u00fcrk &#8220;Ge\u00e7mi\u015ften G\u00fcn\u00fcm\u00fcze Denetimli Serbestlik Sistemi&#8221;, Nazilli Denetimli Serbestlik M\u00fcd\u00fcrl\u00fc\u011f\u00fc Sosyal \u00c7al\u0131\u015fmac\u0131s\u0131 Sertan Akda\u011f &#8220;Denetimli Serbestlik Sisteminde E\u011fitim ve \u0130yile\u015ftirme Faaliyetleri&#8221;, S\u00f6ke Denetimli Serbestlik M\u00fcd\u00fcrl\u00fc\u011f\u00fc\u2019nden \u00d6mer Faruk Alt\u0131nba\u015fak &#8220;Denetimli Serbestlik Sisteminde Ba\u011f\u0131ml\u0131l\u0131kla M\u00fccadele&#8221;, Do\u00e7. Dr. Ey\u00fcp Y\u0131lmaz ise &#8220;Teknolojik Ba\u011f\u0131ml\u0131l\u0131k&#8221; ba\u015fl\u0131kl\u0131 sunum yapt\u0131.<\/p>\n<p>Ayr\u0131ca Uzman Hem\u015fire \u00dc. \u00d6\u011fr. \u00dcyesi S\u00fcleyman \u00dcmit \u015eenocak &#8220;Kumar Ba\u011f\u0131ml\u0131l\u0131\u011f\u0131&#8221; konulu bir sunum ger\u00e7ekle\u015ftirdi.<\/p>\n<p>Ayd\u0131n, Nazilli ve S\u00f6ke\u2019de bulunan kamu kurumlar\u0131, odalar, borsalar, derneklerin \u00fcst d\u00fczey y\u00f6neticilerinin de kat\u0131ld\u0131\u011f\u0131 etkinlik, foto\u011fraf \u00e7ekimiyle sona erdi.<br \/><\/p>\n","protected":false},"excerpt":{"rendered":"<p>Ayd\u0131n, Nazilli ve S\u00f6ke Denetimli Serbestlik M\u00fcd\u00fcrl\u00fckleri taraf\u0131ndan, Denetimli Serbestlik Sisteminin 20. kurulu\u015f y\u0131l\u0131 kapsam\u0131nda &#8220;20. Y\u0131l\u0131nda Denetimli Serbestlik ve Ba\u011f\u0131ml\u0131l\u0131kla M\u00fccadele&#8221; paneli ger\u00e7ekle\u015ftirildi. Adnan Menderes \u00dcniversitesi Atat\u00fcrk Kongre Merkezi Ayd\u0131n Bey Konferans Salonu\u2019nda d\u00fczenlenen etkinlik; Ayd\u0131n Cumhuriyet Ba\u015fsavc\u0131s\u0131 Celal Tekin, Adli Yarg\u0131 Adalet Komisyonu Ba\u015fkan\u0131 \u00d6nder K\u00fcr\u015fad Mutlu, 1. \u0130dare Mahkemesi Ba\u015fkan\u0131 Ahmet K\u0131l\u0131\u00e7,&#8230;<\/p>\n","protected":false},"author":1,"featured_media":76295,"comment_status":"open","ping_status":"open","sticky":false,"template":"","format":"standard","meta":{"_crdt_document":"","footnotes":""},"categories":[1],"tags":[],"class_list":["post-76294","post","type-post","status-publish","format-standard","has-post-thumbnail","hentry","category-guncel"],"_links":{"self":[{"href":"https:\/\/www.egemtv.com\/index.php?rest_route=\/wp\/v2\/posts\/76294","targetHints":{"allow":["GET"]}}],"collection":[{"href":"https:\/\/www.egemtv.com\/index.php?rest_route=\/wp\/v2\/posts"}],"about":[{"href":"https:\/\/www.egemtv.com\/index.php?rest_route=\/wp\/v2\/types\/post"}],"author":[{"embeddable":true,"href":"https:\/\/www.egemtv.com\/index.php?rest_route=\/wp\/v2\/users\/1"}],"replies":[{"embeddable":true,"href":"https:\/\/www.egemtv.com\/index.php?rest_route=%2Fwp%2Fv2%2Fcomments&post=76294"}],"version-history":[{"count":1,"href":"https:\/\/www.egemtv.com\/index.php?rest_route=\/wp\/v2\/posts\/76294\/revisions"}],"predecessor-version":[{"id":76296,"href":"https:\/\/www.egemtv.com\/index.php?rest_route=\/wp\/v2\/posts\/76294\/revisions\/76296"}],"wp:featuredmedia":[{"embeddable":true,"href":"https:\/\/www.egemtv.com\/index.php?rest_route=\/wp\/v2\/media\/76295"}],"wp:attachment":[{"href":"https:\/\/www.egemtv.com\/index.php?rest_route=%2Fwp%2Fv2%2Fmedia&parent=76294"}],"wp:term":[{"taxonomy":"category","embeddable":true,"href":"https:\/\/www.egemtv.com\/index.php?rest_route=%2Fwp%2Fv2%2Fcategories&post=76294"},{"taxonomy":"post_tag","embeddable":true,"href":"https:\/\/www.egemtv.com\/index.php?rest_route=%2Fwp%2Fv2%2Ftags&post=76294"}],"curies":[{"name":"wp","href":"https:\/\/api.w.org\/{rel}","templated":true}]}}