{"id":76291,"date":"2025-12-24T12:34:45","date_gmt":"2025-12-24T09:34:45","guid":{"rendered":"https:\/\/www.egemtv.com\/?p=76291"},"modified":"2025-12-24T12:34:47","modified_gmt":"2025-12-24T09:34:47","slug":"bozdogan-belediyesinden-ova-yollarinda-calisma","status":"publish","type":"post","link":"https:\/\/www.egemtv.com\/?p=76291","title":{"rendered":"Bozdo\u011fan Belediyesi\u2019nden ova yollar\u0131nda \u00e7al\u0131\u015fma"},"content":{"rendered":"<p>Ayd\u0131n\u2019\u0131n Bozdo\u011fan il\u00e7esinde, \u00fcreticilerin tarlalar\u0131na daha g\u00fcvenli ve konforlu ula\u015fabilmesi i\u00e7in ova yollar\u0131nda yenileme ve d\u00fczenleme \u00e7al\u0131\u015fmalar\u0131 aral\u0131ks\u0131z s\u00fcr\u00fcyor.<\/p>\n<p>Bozdo\u011fan Belediyesi Fen \u0130\u015fleri ekiplerince K\u0131lavuzlar, P\u0131narl\u0131, Ziyaretli, Kavakl\u0131 ve Yenik\u00f6y mahallelerini kapsayan ova yollar\u0131nda ba\u015flat\u0131lan \u00e7al\u0131\u015fmalarda zemin d\u00fczenlemesi yap\u0131larak; dolgu malzemesiyle yollar sa\u011flamla\u015ft\u0131r\u0131l\u0131yor.<\/p>\n<p>\u00c7al\u0131\u015fmalarla birlikte ova yollar\u0131 daha dayan\u0131kl\u0131 hale getirilirken, tar\u0131msal faaliyetler i\u00e7in g\u00fcvenli bir ula\u015f\u0131m altyap\u0131s\u0131 olu\u015fturuluyor. \u00d6zellikle hasat d\u00f6nemlerinde ya\u015fanan ula\u015f\u0131m sorunlar\u0131n\u0131n \u00f6n\u00fcne ge\u00e7ilmesi hedefleniyor.<\/p>\n<p>K\u0131lavuzlar Mahalle Muhtar\u0131 Kemal \u00d6zcan, hizmetlerden duydu\u011fu memnuniyeti dile getirerek Belediye Ba\u015fkan\u0131 Mustafa Galip \u00d6zel\u2019e te\u015fekk\u00fcr etti. \u00d6zcan, &#8220;\u00dcreticimizin yol sorunu \u00e7\u00f6z\u00fcl\u00fcyor. Eme\u011fi ge\u00e7en herkese mahallem ad\u0131na te\u015fekk\u00fcr ediyorum&#8221; dedi.<\/p>\n<p>Belediye Ba\u015fkan\u0131 Mustafa Galip \u00d6zel ise \u00fcretimi merkeze alan hizmet anlay\u0131\u015f\u0131yla k\u0131rsal mahallelerde yol \u00e7al\u0131\u015fmalar\u0131n\u0131n plan ve program dahilinde s\u00fcrece\u011fini vurgulad\u0131.<br \/><\/p>\n","protected":false},"excerpt":{"rendered":"<p>Ayd\u0131n\u2019\u0131n Bozdo\u011fan il\u00e7esinde, \u00fcreticilerin tarlalar\u0131na daha g\u00fcvenli ve konforlu ula\u015fabilmesi i\u00e7in ova yollar\u0131nda yenileme ve d\u00fczenleme \u00e7al\u0131\u015fmalar\u0131 aral\u0131ks\u0131z s\u00fcr\u00fcyor. Bozdo\u011fan Belediyesi Fen \u0130\u015fleri ekiplerince K\u0131lavuzlar, P\u0131narl\u0131, Ziyaretli, Kavakl\u0131 ve Yenik\u00f6y mahallelerini kapsayan ova yollar\u0131nda ba\u015flat\u0131lan \u00e7al\u0131\u015fmalarda zemin d\u00fczenlemesi yap\u0131larak; dolgu malzemesiyle yollar sa\u011flamla\u015ft\u0131r\u0131l\u0131yor. \u00c7al\u0131\u015fmalarla birlikte ova yollar\u0131 daha dayan\u0131kl\u0131 hale getirilirken, tar\u0131msal faaliyetler i\u00e7in g\u00fcvenli&#8230;<\/p>\n","protected":false},"author":1,"featured_media":76292,"comment_status":"open","ping_status":"open","sticky":false,"template":"","format":"standard","meta":{"_crdt_document":"","footnotes":""},"categories":[1],"tags":[],"class_list":["post-76291","post","type-post","status-publish","format-standard","has-post-thumbnail","hentry","category-guncel"],"_links":{"self":[{"href":"https:\/\/www.egemtv.com\/index.php?rest_route=\/wp\/v2\/posts\/76291","targetHints":{"allow":["GET"]}}],"collection":[{"href":"https:\/\/www.egemtv.com\/index.php?rest_route=\/wp\/v2\/posts"}],"about":[{"href":"https:\/\/www.egemtv.com\/index.php?rest_route=\/wp\/v2\/types\/post"}],"author":[{"embeddable":true,"href":"https:\/\/www.egemtv.com\/index.php?rest_route=\/wp\/v2\/users\/1"}],"replies":[{"embeddable":true,"href":"https:\/\/www.egemtv.com\/index.php?rest_route=%2Fwp%2Fv2%2Fcomments&post=76291"}],"version-history":[{"count":1,"href":"https:\/\/www.egemtv.com\/index.php?rest_route=\/wp\/v2\/posts\/76291\/revisions"}],"predecessor-version":[{"id":76293,"href":"https:\/\/www.egemtv.com\/index.php?rest_route=\/wp\/v2\/posts\/76291\/revisions\/76293"}],"wp:featuredmedia":[{"embeddable":true,"href":"https:\/\/www.egemtv.com\/index.php?rest_route=\/wp\/v2\/media\/76292"}],"wp:attachment":[{"href":"https:\/\/www.egemtv.com\/index.php?rest_route=%2Fwp%2Fv2%2Fmedia&parent=76291"}],"wp:term":[{"taxonomy":"category","embeddable":true,"href":"https:\/\/www.egemtv.com\/index.php?rest_route=%2Fwp%2Fv2%2Fcategories&post=76291"},{"taxonomy":"post_tag","embeddable":true,"href":"https:\/\/www.egemtv.com\/index.php?rest_route=%2Fwp%2Fv2%2Ftags&post=76291"}],"curies":[{"name":"wp","href":"https:\/\/api.w.org\/{rel}","templated":true}]}}