{"id":76288,"date":"2025-12-24T12:34:45","date_gmt":"2025-12-24T09:34:45","guid":{"rendered":"https:\/\/www.egemtv.com\/?p=76288"},"modified":"2025-12-24T12:34:45","modified_gmt":"2025-12-24T09:34:45","slug":"afyonkarahisarda-sisli-hava-etkili-oldu","status":"publish","type":"post","link":"https:\/\/www.egemtv.com\/?p=76288","title":{"rendered":"Afyonkarahisar\u2019da sisli hava etkili oldu"},"content":{"rendered":"<p>Afyonkarahisar\u2019da sisli hava etkili olurken g\u00f6r\u00fc\u015f mesafesi yer yer 50 metreye kadar d\u00fc\u015ft\u00fc.<br \/>\n<br \/>Kentte sisli hava \u00f6zellikle trafi\u011fi olumsuz etkiledi. Siz nedeniyle s\u00fcr\u00fcc\u00fcler trafikte ilerlemekte zaman zaman g\u00fc\u00e7l\u00fck \u00e7ekti. G\u00f6r\u00fc\u015f mesafesi baz\u0131 yerlerde sis nedeniyle yer yer 50 metreye kadar d\u00fc\u015ft\u00fc. Kentte sisli havan\u0131n g\u00fcn boyu etkisini s\u00fcrd\u00fcrmesi bekleniyor.<br \/><\/p>\n","protected":false},"excerpt":{"rendered":"<p>Afyonkarahisar\u2019da sisli hava etkili olurken g\u00f6r\u00fc\u015f mesafesi yer yer 50 metreye kadar d\u00fc\u015ft\u00fc. Kentte sisli hava \u00f6zellikle trafi\u011fi olumsuz etkiledi. Siz nedeniyle s\u00fcr\u00fcc\u00fcler trafikte ilerlemekte zaman zaman g\u00fc\u00e7l\u00fck \u00e7ekti. G\u00f6r\u00fc\u015f mesafesi baz\u0131 yerlerde sis nedeniyle yer yer 50 metreye kadar d\u00fc\u015ft\u00fc. Kentte sisli havan\u0131n g\u00fcn boyu etkisini s\u00fcrd\u00fcrmesi bekleniyor.<\/p>\n","protected":false},"author":1,"featured_media":76289,"comment_status":"open","ping_status":"open","sticky":false,"template":"","format":"standard","meta":{"_crdt_document":"","footnotes":""},"categories":[1],"tags":[],"class_list":["post-76288","post","type-post","status-publish","format-standard","has-post-thumbnail","hentry","category-guncel"],"_links":{"self":[{"href":"https:\/\/www.egemtv.com\/index.php?rest_route=\/wp\/v2\/posts\/76288","targetHints":{"allow":["GET"]}}],"collection":[{"href":"https:\/\/www.egemtv.com\/index.php?rest_route=\/wp\/v2\/posts"}],"about":[{"href":"https:\/\/www.egemtv.com\/index.php?rest_route=\/wp\/v2\/types\/post"}],"author":[{"embeddable":true,"href":"https:\/\/www.egemtv.com\/index.php?rest_route=\/wp\/v2\/users\/1"}],"replies":[{"embeddable":true,"href":"https:\/\/www.egemtv.com\/index.php?rest_route=%2Fwp%2Fv2%2Fcomments&post=76288"}],"version-history":[{"count":1,"href":"https:\/\/www.egemtv.com\/index.php?rest_route=\/wp\/v2\/posts\/76288\/revisions"}],"predecessor-version":[{"id":76290,"href":"https:\/\/www.egemtv.com\/index.php?rest_route=\/wp\/v2\/posts\/76288\/revisions\/76290"}],"wp:featuredmedia":[{"embeddable":true,"href":"https:\/\/www.egemtv.com\/index.php?rest_route=\/wp\/v2\/media\/76289"}],"wp:attachment":[{"href":"https:\/\/www.egemtv.com\/index.php?rest_route=%2Fwp%2Fv2%2Fmedia&parent=76288"}],"wp:term":[{"taxonomy":"category","embeddable":true,"href":"https:\/\/www.egemtv.com\/index.php?rest_route=%2Fwp%2Fv2%2Fcategories&post=76288"},{"taxonomy":"post_tag","embeddable":true,"href":"https:\/\/www.egemtv.com\/index.php?rest_route=%2Fwp%2Fv2%2Ftags&post=76288"}],"curies":[{"name":"wp","href":"https:\/\/api.w.org\/{rel}","templated":true}]}}