{"id":76285,"date":"2025-12-24T11:54:54","date_gmt":"2025-12-24T08:54:54","guid":{"rendered":"https:\/\/www.egemtv.com\/?p=76285"},"modified":"2025-12-24T11:54:54","modified_gmt":"2025-12-24T08:54:54","slug":"tavsanlida-minik-ellerden-sanat-eseri-meyve-tabaklari","status":"publish","type":"post","link":"https:\/\/www.egemtv.com\/?p=76285","title":{"rendered":"Tav\u015fanl\u0131\u2019da minik ellerden sanat eseri meyve tabaklar\u0131"},"content":{"rendered":"<p>K\u00fctahya\u2019n\u0131n Tav\u015fanl\u0131 il\u00e7esi Arslanbey \u0130lkokulu\u2019nda Yerli Mal\u0131 Haftas\u0131 kapsam\u0131nda d\u00fczenlenen &#8220;Bu Benim Eserim-Meyve Taba\u011f\u0131 Sunum Yar\u0131\u015fmas\u0131&#8221; renkli g\u00f6r\u00fcnt\u00fclere sahne oldu. \u00d6\u011frenciler ve velilerin birlikte haz\u0131rlad\u0131\u011f\u0131 farkl\u0131 \u00fcr\u00fcn tabaklar b\u00fcy\u00fck be\u011feni toplad\u0131.<br \/>\n<br \/>Tutum, Yat\u0131r\u0131m ve T\u00fcrk Mallar\u0131 Haftas\u0131 etkinlikleri Arslanbey \u0130lkokulu\u2019nda farkl\u0131 bir boyut kazand\u0131. 2-A s\u0131n\u0131f \u00f6\u011fretmeni Mefk\u00fcre \u00c7ak\u0131r taraf\u0131ndan organize edilen etkinlikte, \u00f6\u011frencilerin yerli mallar\u0131na olan ilgisini art\u0131rmak ve aile ba\u011flar\u0131n\u0131 g\u00fc\u00e7lendirmek amac\u0131yla &#8220;En \u0130yi Meyve Taba\u011f\u0131&#8221; yar\u0131\u015fmas\u0131 d\u00fczenlendi. T\u00fcrkiye Y\u00fczy\u0131l\u0131 Maarif Modeli uygulamalar\u0131 ve 2025 Aile Y\u0131l\u0131 ilan edilmesi dolay\u0131s\u0131yla velilerin de aktif kat\u0131l\u0131m sa\u011flad\u0131\u011f\u0131 etkinlikte, s\u0131n\u0131flar adeta birer sanat at\u00f6lyesine d\u00f6n\u00fc\u015ft\u00fc. \u00c7e\u015fitli meyve ve sebzeleri kullanarak hayal g\u00fc\u00e7lerini sergileyen \u00f6\u011frenci ve veliler; hayvan fig\u00fcrlerinden do\u011fa manzaralar\u0131na kadar birbirinden ilgin\u00e7 ve estetik sunumlar haz\u0131rlad\u0131.<br \/>\n<br \/>Haz\u0131rlanan muhte\u015fem sunumlar aras\u0131ndan se\u00e7im yapmakta zorlanan j\u00fcri de\u011ferlendirmesi sonucunda, en iyi \u00fc\u00e7 meyve taba\u011f\u0131 \u015fampiyon ilan edildi. Yar\u0131\u015fmada dereceye giren \u00f6\u011frenciler, s\u0131n\u0131f \u00f6\u011fretmeni Mefk\u00fcre \u00c7ak\u0131r taraf\u0131ndan \u00e7e\u015fitli hediyelerle \u00f6d\u00fcllendirildi.<br \/>\n<br \/>Etkinli\u011fin amac\u0131na de\u011finen s\u0131n\u0131f \u00f6\u011fretmeni Mefk\u00fcre \u00c7ak\u0131r, yerli mal\u0131 kullan\u0131m\u0131n\u0131n \u00f6nemine vurgu yaparak, &#8220;\u00d6\u011frencilerimize tutumlu olmay\u0131 ve yerli \u00fcr\u00fcnlerimizi kullanmay\u0131 a\u015f\u0131lamak istedik. 2025 Aile Y\u0131l\u0131 kapsam\u0131nda velilerimizi de bu s\u00fcrece dahil ederek okul-aile i\u015f birli\u011fini g\u00fc\u00e7lendirdik. \u00c7ocuklar\u0131m\u0131z\u0131n heyecan\u0131 ve ortaya \u00e7\u0131kan eserler bizleri \u00e7ok mutlu etti&#8221; dedi.<br \/>\n<br \/>Yerli Mal\u0131 Haftas\u0131 kutlamalar\u0131, yar\u0131\u015fman\u0131n ard\u0131ndan haz\u0131rlanan meyvelerin hep birlikte afiyetle yenmesiyle sona erdi.<br \/><\/p>\n","protected":false},"excerpt":{"rendered":"<p>K\u00fctahya\u2019n\u0131n Tav\u015fanl\u0131 il\u00e7esi Arslanbey \u0130lkokulu\u2019nda Yerli Mal\u0131 Haftas\u0131 kapsam\u0131nda d\u00fczenlenen &#8220;Bu Benim Eserim-Meyve Taba\u011f\u0131 Sunum Yar\u0131\u015fmas\u0131&#8221; renkli g\u00f6r\u00fcnt\u00fclere sahne oldu. \u00d6\u011frenciler ve velilerin birlikte haz\u0131rlad\u0131\u011f\u0131 farkl\u0131 \u00fcr\u00fcn tabaklar b\u00fcy\u00fck be\u011feni toplad\u0131. Tutum, Yat\u0131r\u0131m ve T\u00fcrk Mallar\u0131 Haftas\u0131 etkinlikleri Arslanbey \u0130lkokulu\u2019nda farkl\u0131 bir boyut kazand\u0131. 2-A s\u0131n\u0131f \u00f6\u011fretmeni Mefk\u00fcre \u00c7ak\u0131r taraf\u0131ndan organize edilen etkinlikte, \u00f6\u011frencilerin yerli&#8230;<\/p>\n","protected":false},"author":1,"featured_media":76286,"comment_status":"open","ping_status":"open","sticky":false,"template":"","format":"standard","meta":{"_crdt_document":"","footnotes":""},"categories":[1],"tags":[],"class_list":["post-76285","post","type-post","status-publish","format-standard","has-post-thumbnail","hentry","category-guncel"],"_links":{"self":[{"href":"https:\/\/www.egemtv.com\/index.php?rest_route=\/wp\/v2\/posts\/76285","targetHints":{"allow":["GET"]}}],"collection":[{"href":"https:\/\/www.egemtv.com\/index.php?rest_route=\/wp\/v2\/posts"}],"about":[{"href":"https:\/\/www.egemtv.com\/index.php?rest_route=\/wp\/v2\/types\/post"}],"author":[{"embeddable":true,"href":"https:\/\/www.egemtv.com\/index.php?rest_route=\/wp\/v2\/users\/1"}],"replies":[{"embeddable":true,"href":"https:\/\/www.egemtv.com\/index.php?rest_route=%2Fwp%2Fv2%2Fcomments&post=76285"}],"version-history":[{"count":1,"href":"https:\/\/www.egemtv.com\/index.php?rest_route=\/wp\/v2\/posts\/76285\/revisions"}],"predecessor-version":[{"id":76287,"href":"https:\/\/www.egemtv.com\/index.php?rest_route=\/wp\/v2\/posts\/76285\/revisions\/76287"}],"wp:featuredmedia":[{"embeddable":true,"href":"https:\/\/www.egemtv.com\/index.php?rest_route=\/wp\/v2\/media\/76286"}],"wp:attachment":[{"href":"https:\/\/www.egemtv.com\/index.php?rest_route=%2Fwp%2Fv2%2Fmedia&parent=76285"}],"wp:term":[{"taxonomy":"category","embeddable":true,"href":"https:\/\/www.egemtv.com\/index.php?rest_route=%2Fwp%2Fv2%2Fcategories&post=76285"},{"taxonomy":"post_tag","embeddable":true,"href":"https:\/\/www.egemtv.com\/index.php?rest_route=%2Fwp%2Fv2%2Ftags&post=76285"}],"curies":[{"name":"wp","href":"https:\/\/api.w.org\/{rel}","templated":true}]}}