{"id":76282,"date":"2025-12-24T11:54:53","date_gmt":"2025-12-24T08:54:53","guid":{"rendered":"https:\/\/www.egemtv.com\/?p=76282"},"modified":"2025-12-24T11:54:54","modified_gmt":"2025-12-24T08:54:54","slug":"genc-takim-projesinin-tanitimi-yapildi","status":"publish","type":"post","link":"https:\/\/www.egemtv.com\/?p=76282","title":{"rendered":"Gen\u00e7 Tak\u0131m Projesi\u2019nin tan\u0131t\u0131m\u0131 yap\u0131ld\u0131"},"content":{"rendered":"<p>Afyonkarahisar Valili\u011fi himayelerinde ve Afyonkarahisar Gen\u00e7lik ve Spor \u0130l M\u00fcd\u00fcrl\u00fc\u011f\u00fc koordinesinde y\u00fcr\u00fct\u00fclen Gen\u00e7 Tak\u0131m Projesi, d\u00fczenlenen lansman program\u0131yla kamuoyuna tan\u0131t\u0131ld\u0131. Gen\u00e7lerin ki\u015fisel, k\u00fclt\u00fcrel ve sosyal geli\u015fimlerine katk\u0131 sa\u011flamay\u0131 ama\u00e7layan proje, yo\u011fun kat\u0131l\u0131mla ger\u00e7ekle\u015ftirildi.<br \/>\n<br \/>Programa Afyonkarahisar Valisi Do\u00e7. Dr. K\u00fcbra G\u00fcran Yi\u011fitba\u015f\u0131 ba\u015fta olmak \u00fczere Kredi ve Yurtlar Kurumu Genel M\u00fcd\u00fcr Yard\u0131mc\u0131s\u0131 Ali \u00d6zdemir, Afyonkarahisar Vali Yard\u0131mc\u0131s\u0131 Bedir Deveci, Afyon Kocatepe \u00dcniversitesi Rekt\u00f6r Yard\u0131mc\u0131s\u0131 Prof. Dr. Murat Peker, kurum m\u00fcd\u00fcrleri, sivil toplum kurulu\u015fu temsilcileri ve Afyonkarahisar\u2019daki yurtlarda kalan \u00e7ok say\u0131da \u00fcniversite \u00f6\u011frencisi kat\u0131ld\u0131.<br \/>\n<br \/>Programda, ilk kez Afyonkarahisar\u2019da hayata ge\u00e7irilen Gen\u00e7 Tak\u0131m Projesi\u2019nin hedefleri ve uygulama s\u00fcreci hakk\u0131nda kat\u0131l\u0131mc\u0131lara bilgiler verildi. Proje \u00e7er\u00e7evesinde gen\u00e7lerin g\u00f6n\u00fcll\u00fcl\u00fck faaliyetlerine aktif kat\u0131l\u0131m sa\u011flamalar\u0131, mill\u00ee ve manevi de\u011ferlerle bulu\u015fturulmalar\u0131, akademik ve sosyal ya\u015famlar\u0131nda daha sorumluluk sahibi bireyler olarak yeti\u015fmeleri hedefleniyor.<br \/>\n<br \/>Program, sanat\u00e7\u0131 Aykut Ku\u015fkaya\u2019n\u0131n verdi\u011fi konserle devam etti. Gen\u00e7lerin yo\u011fun ilgi g\u00f6sterdi\u011fi konser, lansman program\u0131na renk katarken, m\u00fczik e\u015fli\u011finde birlik ve beraberlik duygular\u0131n\u0131n peki\u015fmesine katk\u0131 sa\u011flad\u0131.<br \/><\/p>\n","protected":false},"excerpt":{"rendered":"<p>Afyonkarahisar Valili\u011fi himayelerinde ve Afyonkarahisar Gen\u00e7lik ve Spor \u0130l M\u00fcd\u00fcrl\u00fc\u011f\u00fc koordinesinde y\u00fcr\u00fct\u00fclen Gen\u00e7 Tak\u0131m Projesi, d\u00fczenlenen lansman program\u0131yla kamuoyuna tan\u0131t\u0131ld\u0131. Gen\u00e7lerin ki\u015fisel, k\u00fclt\u00fcrel ve sosyal geli\u015fimlerine katk\u0131 sa\u011flamay\u0131 ama\u00e7layan proje, yo\u011fun kat\u0131l\u0131mla ger\u00e7ekle\u015ftirildi. Programa Afyonkarahisar Valisi Do\u00e7. Dr. K\u00fcbra G\u00fcran Yi\u011fitba\u015f\u0131 ba\u015fta olmak \u00fczere Kredi ve Yurtlar Kurumu Genel M\u00fcd\u00fcr Yard\u0131mc\u0131s\u0131 Ali \u00d6zdemir, Afyonkarahisar Vali&#8230;<\/p>\n","protected":false},"author":1,"featured_media":76283,"comment_status":"open","ping_status":"open","sticky":false,"template":"","format":"standard","meta":{"_crdt_document":"","footnotes":""},"categories":[1],"tags":[],"class_list":["post-76282","post","type-post","status-publish","format-standard","has-post-thumbnail","hentry","category-guncel"],"_links":{"self":[{"href":"https:\/\/www.egemtv.com\/index.php?rest_route=\/wp\/v2\/posts\/76282","targetHints":{"allow":["GET"]}}],"collection":[{"href":"https:\/\/www.egemtv.com\/index.php?rest_route=\/wp\/v2\/posts"}],"about":[{"href":"https:\/\/www.egemtv.com\/index.php?rest_route=\/wp\/v2\/types\/post"}],"author":[{"embeddable":true,"href":"https:\/\/www.egemtv.com\/index.php?rest_route=\/wp\/v2\/users\/1"}],"replies":[{"embeddable":true,"href":"https:\/\/www.egemtv.com\/index.php?rest_route=%2Fwp%2Fv2%2Fcomments&post=76282"}],"version-history":[{"count":1,"href":"https:\/\/www.egemtv.com\/index.php?rest_route=\/wp\/v2\/posts\/76282\/revisions"}],"predecessor-version":[{"id":76284,"href":"https:\/\/www.egemtv.com\/index.php?rest_route=\/wp\/v2\/posts\/76282\/revisions\/76284"}],"wp:featuredmedia":[{"embeddable":true,"href":"https:\/\/www.egemtv.com\/index.php?rest_route=\/wp\/v2\/media\/76283"}],"wp:attachment":[{"href":"https:\/\/www.egemtv.com\/index.php?rest_route=%2Fwp%2Fv2%2Fmedia&parent=76282"}],"wp:term":[{"taxonomy":"category","embeddable":true,"href":"https:\/\/www.egemtv.com\/index.php?rest_route=%2Fwp%2Fv2%2Fcategories&post=76282"},{"taxonomy":"post_tag","embeddable":true,"href":"https:\/\/www.egemtv.com\/index.php?rest_route=%2Fwp%2Fv2%2Ftags&post=76282"}],"curies":[{"name":"wp","href":"https:\/\/api.w.org\/{rel}","templated":true}]}}