{"id":76276,"date":"2025-12-24T11:34:54","date_gmt":"2025-12-24T08:34:54","guid":{"rendered":"https:\/\/www.egemtv.com\/?p=76276"},"modified":"2025-12-24T11:34:55","modified_gmt":"2025-12-24T08:34:55","slug":"altayda-ilk-devrenin-kazanci-unal-alihan-kavlak-oldu","status":"publish","type":"post","link":"https:\/\/www.egemtv.com\/?p=76276","title":{"rendered":"Altay\u2019da ilk devrenin kazanc\u0131 \u00dcnal Alihan Kavlak oldu"},"content":{"rendered":"<p>Altay\u2019\u0131n 20 ya\u015f\u0131ndaki golc\u00fcs\u00fc \u00dcnal Alihan Kavlak, ilk devrenin son 4 ma\u00e7\u0131nda 3 gol atarak tak\u0131m\u0131n skor y\u00fck\u00fcn\u00fc \u00e7ekti.<br \/>\n<br \/>TFF 3. Lig 4. Grup\u2019ta m\u00fccadele eden Altay, ligin ilk yar\u0131s\u0131n\u0131 \u00fcst \u00fcste ald\u0131\u011f\u0131 galibiyetlerle tamamlayarak d\u00fc\u015fme hatt\u0131ndan uzakla\u015f\u0131p rahat bir nefes ald\u0131. Siyah-beyazl\u0131 ekipte bu s\u00fcre\u00e7te \u00f6ne \u00e7\u0131kan isim ise 2005 do\u011fumlu \u00dcnal Alihan Kavlak oldu. Bahis cezalar\u0131 nedeniyle h\u00fccum hatt\u0131nda ya\u015fanan eksikler sonras\u0131nda ilk 11\u2019in de\u011fi\u015fmezlerinden biri haline gelen gen\u00e7 golc\u00fc, ilk yar\u0131n\u0131n son 4 ma\u00e7\u0131nda att\u0131\u011f\u0131 3 golle galibiyetlerde \u00f6nemli pay sahibi oldu.<br \/>\n<br \/>Profesyonel kariyerindeki ilk gol\u00fcn\u00fc ge\u00e7ti\u011fimiz haftalarda Eski\u015fehir Anadolu kar\u015f\u0131s\u0131nda kaydeden \u00dcnal Alihan, ard\u0131ndan 1-0 kazan\u0131lan \u00c7oruhlu FK ma\u00e7\u0131nda galibiyet gol\u00fcn\u00fc att\u0131. Nazilli Belediyespor kar\u015f\u0131s\u0131nda da fileleri havaland\u0131ran 20 ya\u015f\u0131ndaki forvet, b\u00f6ylece son 4 ma\u00e7ta 3 gole ula\u015fmay\u0131 ba\u015fard\u0131. Gen\u00e7 oyuncu, bahis cezas\u0131 bulunan Ali K\u0131z\u0131lkuyu ile birlikte tak\u0131m\u0131n en golc\u00fc isimleri aras\u0131nda yer al\u0131yor.<br \/>\n<br \/>\u00d6te yandan teknik direkt\u00f6r Yusuf \u015eim\u015fek\u2019in, ligin ikinci yar\u0131s\u0131nda da \u00dcnal Alihan Kavlak\u2019a forma vermeye devam edece\u011fi ve gen\u00e7 oyuncuyu ilk 11\u2019in de\u011fi\u015fmez isimlerinden biri haline getirmeyi planlad\u0131\u011f\u0131 \u00f6\u011frenildi. Bahis cezalar\u0131n\u0131n sona ermesiyle baz\u0131 oyuncular\u0131n tak\u0131ma d\u00f6nmesi durumunda bile \u00dcnal Alihan\u2019\u0131n formay\u0131 kaybetmesinin beklenmedi\u011fi ifade edildi.<br \/><\/p>\n","protected":false},"excerpt":{"rendered":"<p>Altay\u2019\u0131n 20 ya\u015f\u0131ndaki golc\u00fcs\u00fc \u00dcnal Alihan Kavlak, ilk devrenin son 4 ma\u00e7\u0131nda 3 gol atarak tak\u0131m\u0131n skor y\u00fck\u00fcn\u00fc \u00e7ekti. TFF 3. Lig 4. Grup\u2019ta m\u00fccadele eden Altay, ligin ilk yar\u0131s\u0131n\u0131 \u00fcst \u00fcste ald\u0131\u011f\u0131 galibiyetlerle tamamlayarak d\u00fc\u015fme hatt\u0131ndan uzakla\u015f\u0131p rahat bir nefes ald\u0131. Siyah-beyazl\u0131 ekipte bu s\u00fcre\u00e7te \u00f6ne \u00e7\u0131kan isim ise 2005 do\u011fumlu \u00dcnal Alihan Kavlak&#8230;<\/p>\n","protected":false},"author":1,"featured_media":76277,"comment_status":"open","ping_status":"open","sticky":false,"template":"","format":"standard","meta":{"_crdt_document":"","footnotes":""},"categories":[4],"tags":[],"class_list":["post-76276","post","type-post","status-publish","format-standard","has-post-thumbnail","hentry","category-spor"],"_links":{"self":[{"href":"https:\/\/www.egemtv.com\/index.php?rest_route=\/wp\/v2\/posts\/76276","targetHints":{"allow":["GET"]}}],"collection":[{"href":"https:\/\/www.egemtv.com\/index.php?rest_route=\/wp\/v2\/posts"}],"about":[{"href":"https:\/\/www.egemtv.com\/index.php?rest_route=\/wp\/v2\/types\/post"}],"author":[{"embeddable":true,"href":"https:\/\/www.egemtv.com\/index.php?rest_route=\/wp\/v2\/users\/1"}],"replies":[{"embeddable":true,"href":"https:\/\/www.egemtv.com\/index.php?rest_route=%2Fwp%2Fv2%2Fcomments&post=76276"}],"version-history":[{"count":1,"href":"https:\/\/www.egemtv.com\/index.php?rest_route=\/wp\/v2\/posts\/76276\/revisions"}],"predecessor-version":[{"id":76278,"href":"https:\/\/www.egemtv.com\/index.php?rest_route=\/wp\/v2\/posts\/76276\/revisions\/76278"}],"wp:featuredmedia":[{"embeddable":true,"href":"https:\/\/www.egemtv.com\/index.php?rest_route=\/wp\/v2\/media\/76277"}],"wp:attachment":[{"href":"https:\/\/www.egemtv.com\/index.php?rest_route=%2Fwp%2Fv2%2Fmedia&parent=76276"}],"wp:term":[{"taxonomy":"category","embeddable":true,"href":"https:\/\/www.egemtv.com\/index.php?rest_route=%2Fwp%2Fv2%2Fcategories&post=76276"},{"taxonomy":"post_tag","embeddable":true,"href":"https:\/\/www.egemtv.com\/index.php?rest_route=%2Fwp%2Fv2%2Ftags&post=76276"}],"curies":[{"name":"wp","href":"https:\/\/api.w.org\/{rel}","templated":true}]}}