{"id":76273,"date":"2025-12-24T11:34:53","date_gmt":"2025-12-24T08:34:53","guid":{"rendered":"https:\/\/www.egemtv.com\/?p=76273"},"modified":"2025-12-24T11:34:54","modified_gmt":"2025-12-24T08:34:54","slug":"koskte-kantin-calisanlarina-hijyen-egitimi","status":"publish","type":"post","link":"https:\/\/www.egemtv.com\/?p=76273","title":{"rendered":"K\u00f6\u015fk\u2019te kantin \u00e7al\u0131\u015fanlar\u0131na hijyen e\u011fitimi"},"content":{"rendered":"<p>Ayd\u0131n\u2019\u0131n K\u00f6\u015fk il\u00e7esinde il\u00e7e tar\u0131m ekipleri taraf\u0131ndan okul kantini \u00e7al\u0131\u015fanlar\u0131na \u00f6zel hijyen kurallar\u0131 anlat\u0131larak g\u00fcvenilir g\u0131da ve \u00f6\u011frenci sa\u011fl\u0131\u011f\u0131na dikkat \u00e7ekildi.<\/p>\n<p>K\u00f6\u015fk \u0130l\u00e7e Tar\u0131m ve Orman M\u00fcd\u00fcrl\u00fc\u011f\u00fc, \u00f6\u011frencilerin sa\u011fl\u0131kl\u0131 ve g\u00fcvenli g\u0131daya eri\u015fimini sa\u011flamak amac\u0131yla kantin \u00e7al\u0131\u015fanlar\u0131na y\u00f6nelik hijyen e\u011fitimi d\u00fczenledi. \u0130l\u00e7e M\u00fcd\u00fcrl\u00fc\u011f\u00fc G\u0131da Birimi taraf\u0131ndan, K\u00f6\u015fk il\u00e7esi Adnan Menderes \u0130lkokulu\u2019nda ger\u00e7ekle\u015ftirilen e\u011fitim program\u0131nda, il\u00e7ede faaliyet g\u00f6steren okul kantini \u00e7al\u0131\u015fanlar\u0131na &#8220;Okul Kantinlerine Dair \u00d6zel Hijyen Kurallar\u0131&#8221; hakk\u0131nda bilgilendirme yap\u0131ld\u0131. E\u011fitimde, g\u0131da g\u00fcvenli\u011fi, ki\u015fisel hijyen, temizlik ve sanitasyon kurallar\u0131 ile okul kantinlerinde uyulmas\u0131 gereken yasal d\u00fczenlemeler detayl\u0131 \u015fekilde ele al\u0131nd\u0131. \u00d6\u011frencilerin sa\u011fl\u0131\u011f\u0131n\u0131 korumaya y\u00f6nelik al\u0131nmas\u0131 gereken \u00f6nlemlerin vurguland\u0131\u011f\u0131 programda, kantin \u00e7al\u0131\u015fanlar\u0131n\u0131n bilin\u00e7lendirilmesinin \u00f6nemine dikkat \u00e7ekildi. K\u00f6\u015fk \u0130l\u00e7e Tar\u0131m ve Orman M\u00fcd\u00fcrl\u00fc\u011f\u00fc\u2019nden yap\u0131lan a\u00e7\u0131klamada sa\u011fl\u0131kl\u0131 nesiller i\u00e7in g\u00fcvenilir g\u0131da uygulamalar\u0131n\u0131n \u00f6nemine vurgu yap\u0131l\u0131rken, e\u011fitimlerin periyodik olarak devam edece\u011fini belirtti.<br \/><\/p>\n","protected":false},"excerpt":{"rendered":"<p>Ayd\u0131n\u2019\u0131n K\u00f6\u015fk il\u00e7esinde il\u00e7e tar\u0131m ekipleri taraf\u0131ndan okul kantini \u00e7al\u0131\u015fanlar\u0131na \u00f6zel hijyen kurallar\u0131 anlat\u0131larak g\u00fcvenilir g\u0131da ve \u00f6\u011frenci sa\u011fl\u0131\u011f\u0131na dikkat \u00e7ekildi. K\u00f6\u015fk \u0130l\u00e7e Tar\u0131m ve Orman M\u00fcd\u00fcrl\u00fc\u011f\u00fc, \u00f6\u011frencilerin sa\u011fl\u0131kl\u0131 ve g\u00fcvenli g\u0131daya eri\u015fimini sa\u011flamak amac\u0131yla kantin \u00e7al\u0131\u015fanlar\u0131na y\u00f6nelik hijyen e\u011fitimi d\u00fczenledi. \u0130l\u00e7e M\u00fcd\u00fcrl\u00fc\u011f\u00fc G\u0131da Birimi taraf\u0131ndan, K\u00f6\u015fk il\u00e7esi Adnan Menderes \u0130lkokulu\u2019nda ger\u00e7ekle\u015ftirilen e\u011fitim program\u0131nda, il\u00e7ede&#8230;<\/p>\n","protected":false},"author":1,"featured_media":76274,"comment_status":"open","ping_status":"open","sticky":false,"template":"","format":"standard","meta":{"_crdt_document":"","footnotes":""},"categories":[1],"tags":[],"class_list":["post-76273","post","type-post","status-publish","format-standard","has-post-thumbnail","hentry","category-guncel"],"_links":{"self":[{"href":"https:\/\/www.egemtv.com\/index.php?rest_route=\/wp\/v2\/posts\/76273","targetHints":{"allow":["GET"]}}],"collection":[{"href":"https:\/\/www.egemtv.com\/index.php?rest_route=\/wp\/v2\/posts"}],"about":[{"href":"https:\/\/www.egemtv.com\/index.php?rest_route=\/wp\/v2\/types\/post"}],"author":[{"embeddable":true,"href":"https:\/\/www.egemtv.com\/index.php?rest_route=\/wp\/v2\/users\/1"}],"replies":[{"embeddable":true,"href":"https:\/\/www.egemtv.com\/index.php?rest_route=%2Fwp%2Fv2%2Fcomments&post=76273"}],"version-history":[{"count":1,"href":"https:\/\/www.egemtv.com\/index.php?rest_route=\/wp\/v2\/posts\/76273\/revisions"}],"predecessor-version":[{"id":76275,"href":"https:\/\/www.egemtv.com\/index.php?rest_route=\/wp\/v2\/posts\/76273\/revisions\/76275"}],"wp:featuredmedia":[{"embeddable":true,"href":"https:\/\/www.egemtv.com\/index.php?rest_route=\/wp\/v2\/media\/76274"}],"wp:attachment":[{"href":"https:\/\/www.egemtv.com\/index.php?rest_route=%2Fwp%2Fv2%2Fmedia&parent=76273"}],"wp:term":[{"taxonomy":"category","embeddable":true,"href":"https:\/\/www.egemtv.com\/index.php?rest_route=%2Fwp%2Fv2%2Fcategories&post=76273"},{"taxonomy":"post_tag","embeddable":true,"href":"https:\/\/www.egemtv.com\/index.php?rest_route=%2Fwp%2Fv2%2Ftags&post=76273"}],"curies":[{"name":"wp","href":"https:\/\/api.w.org\/{rel}","templated":true}]}}