{"id":76270,"date":"2025-12-24T11:34:53","date_gmt":"2025-12-24T08:34:53","guid":{"rendered":"https:\/\/www.egemtv.com\/?p=76270"},"modified":"2025-12-24T11:34:53","modified_gmt":"2025-12-24T08:34:53","slug":"ispartada-9-yil-kesinlesmis-hapis-cezasi-bulunan-cezaevi-firarisi-yakalandi","status":"publish","type":"post","link":"https:\/\/www.egemtv.com\/?p=76270","title":{"rendered":"Isparta\u2019da 9 y\u0131l kesinle\u015fmi\u015f hapis cezas\u0131 bulunan cezaevi firarisi yakaland\u0131"},"content":{"rendered":"<p>Isparta \u0130l Emniyet M\u00fcd\u00fcrl\u00fc\u011f\u00fc ekiplerince y\u00fcr\u00fct\u00fclen \u00e7al\u0131\u015fmalar kapsam\u0131nda, hakk\u0131nda 9 y\u0131l 1 ay 17 g\u00fcn kesinle\u015fmi\u015f hapis cezas\u0131 bulunan cezaevi firarisi \u015fah\u0131s yakalanarak cezaevine teslim edildi.<br \/>\n<br \/>Isparta \u0130l Emniyet M\u00fcd\u00fcrl\u00fc\u011f\u00fc ekipleri, aranan \u015fah\u0131slara y\u00f6nelik \u00e7al\u0131\u015fmalar\u0131n\u0131 aral\u0131ks\u0131z s\u00fcrd\u00fcr\u00fcyor. Bu kapsamda, \u2019bina i\u00e7inde muhafaza alt\u0131na al\u0131nm\u0131\u015f olan e\u015fya hakk\u0131nda h\u0131rs\u0131zl\u0131k\u2019 ile \u2019h\u00fck\u00fcml\u00fc veya tutuklunun ka\u00e7mas\u0131\u2019 su\u00e7lar\u0131ndan toplam 9 y\u0131l 1 ay 17 g\u00fcn kesinle\u015fmi\u015f hapis cezas\u0131 bulunan ve 15 Aral\u0131k 2025 tarihinden itibaren cezaevi firarisi olarak aranan \u015fah\u0131s, ge\u00e7ti\u011fimiz g\u00fcn yunus timleri taraf\u0131ndan yakaland\u0131. Yakalanan \u015fah\u0131s, emniyetteki i\u015flemlerinin ard\u0131ndan cezaevine teslim edildi.<br \/><\/p>\n","protected":false},"excerpt":{"rendered":"<p>Isparta \u0130l Emniyet M\u00fcd\u00fcrl\u00fc\u011f\u00fc ekiplerince y\u00fcr\u00fct\u00fclen \u00e7al\u0131\u015fmalar kapsam\u0131nda, hakk\u0131nda 9 y\u0131l 1 ay 17 g\u00fcn kesinle\u015fmi\u015f hapis cezas\u0131 bulunan cezaevi firarisi \u015fah\u0131s yakalanarak cezaevine teslim edildi. Isparta \u0130l Emniyet M\u00fcd\u00fcrl\u00fc\u011f\u00fc ekipleri, aranan \u015fah\u0131slara y\u00f6nelik \u00e7al\u0131\u015fmalar\u0131n\u0131 aral\u0131ks\u0131z s\u00fcrd\u00fcr\u00fcyor. Bu kapsamda, \u2019bina i\u00e7inde muhafaza alt\u0131na al\u0131nm\u0131\u015f olan e\u015fya hakk\u0131nda h\u0131rs\u0131zl\u0131k\u2019 ile \u2019h\u00fck\u00fcml\u00fc veya tutuklunun ka\u00e7mas\u0131\u2019 su\u00e7lar\u0131ndan toplam&#8230;<\/p>\n","protected":false},"author":1,"featured_media":76271,"comment_status":"open","ping_status":"open","sticky":false,"template":"","format":"standard","meta":{"_crdt_document":"","footnotes":""},"categories":[5],"tags":[],"class_list":["post-76270","post","type-post","status-publish","format-standard","has-post-thumbnail","hentry","category-asayis"],"_links":{"self":[{"href":"https:\/\/www.egemtv.com\/index.php?rest_route=\/wp\/v2\/posts\/76270","targetHints":{"allow":["GET"]}}],"collection":[{"href":"https:\/\/www.egemtv.com\/index.php?rest_route=\/wp\/v2\/posts"}],"about":[{"href":"https:\/\/www.egemtv.com\/index.php?rest_route=\/wp\/v2\/types\/post"}],"author":[{"embeddable":true,"href":"https:\/\/www.egemtv.com\/index.php?rest_route=\/wp\/v2\/users\/1"}],"replies":[{"embeddable":true,"href":"https:\/\/www.egemtv.com\/index.php?rest_route=%2Fwp%2Fv2%2Fcomments&post=76270"}],"version-history":[{"count":1,"href":"https:\/\/www.egemtv.com\/index.php?rest_route=\/wp\/v2\/posts\/76270\/revisions"}],"predecessor-version":[{"id":76272,"href":"https:\/\/www.egemtv.com\/index.php?rest_route=\/wp\/v2\/posts\/76270\/revisions\/76272"}],"wp:featuredmedia":[{"embeddable":true,"href":"https:\/\/www.egemtv.com\/index.php?rest_route=\/wp\/v2\/media\/76271"}],"wp:attachment":[{"href":"https:\/\/www.egemtv.com\/index.php?rest_route=%2Fwp%2Fv2%2Fmedia&parent=76270"}],"wp:term":[{"taxonomy":"category","embeddable":true,"href":"https:\/\/www.egemtv.com\/index.php?rest_route=%2Fwp%2Fv2%2Fcategories&post=76270"},{"taxonomy":"post_tag","embeddable":true,"href":"https:\/\/www.egemtv.com\/index.php?rest_route=%2Fwp%2Fv2%2Ftags&post=76270"}],"curies":[{"name":"wp","href":"https:\/\/api.w.org\/{rel}","templated":true}]}}