{"id":76267,"date":"2025-12-24T11:34:52","date_gmt":"2025-12-24T08:34:52","guid":{"rendered":"https:\/\/www.egemtv.com\/?p=76267"},"modified":"2025-12-24T11:34:53","modified_gmt":"2025-12-24T08:34:53","slug":"muradiye-osbden-manisanin-ekonomisine-ivme-kazandiracak-proje","status":"publish","type":"post","link":"https:\/\/www.egemtv.com\/?p=76267","title":{"rendered":"Muradiye OSB\u2019den Manisa\u2019n\u0131n ekonomisine ivme kazand\u0131racak proje"},"content":{"rendered":"<p>Muradiye Organize Sanayi B\u00f6lgesi Uzunburun Geni\u015fleme Alan\u0131\u2019nda k\u00fc\u00e7\u00fck ve orta \u00f6l\u00e7ekli sanayicilere y\u00f6nelik in\u015fa edilecek 430 i\u015fyerinin tan\u0131t\u0131m\u0131, Manisa protokol\u00fcn\u00fcn geni\u015f kat\u0131l\u0131m\u0131yla d\u00fczenlenen lansman toplant\u0131s\u0131yla kamuoyuna tan\u0131t\u0131ld\u0131. Zorlu arazi \u015fartlar\u0131na ra\u011fmen hayata ge\u00e7irilen proje, uygun maliyetli parsel yap\u0131s\u0131 ve stratejik konumuyla Manisa sanayisinin gelece\u011fine y\u00f6n verecek \u00f6nemli bir yat\u0131r\u0131m olarak \u00f6ne \u00e7\u0131kt\u0131.<br \/>\n<br \/>Muradiye Organize Sanayi B\u00f6lgesi Uzunburun Geni\u015fleme Alan\u0131\u2019nda, Manisa Sanayiciler ve Meslek Odalar\u0131 Karma Sanayi Sitesi Yap\u0131 Kooperatifi\u2019ne tahsis edilecek 200 d\u00f6n\u00fcml\u00fck alanda 430 d\u00fckk\u00e2ndan olu\u015facak sanayi sitesi projesinin lansman\u0131 ger\u00e7ekle\u015ftirildi. Ferdi Zeyrek Millet \u00c7ar\u015f\u0131s\u0131\u2019nda d\u00fczenlenen lansmanda, k\u00fc\u00e7\u00fck ve orta \u00f6l\u00e7ekli sanayicilere y\u00f6nelik hayata ge\u00e7irilecek projenin teknik detaylar\u0131 ile maliyet ve \u00f6deme planlar\u0131na ili\u015fkin bilgiler kat\u0131l\u0131mc\u0131larla payla\u015f\u0131ld\u0131.<br \/>\n<br \/>Marangozlar Odas\u0131 Ba\u015fkan\u0131 ve ayn\u0131 zamanda Kooperatif Ba\u015fkan\u0131 Zeki Apak\u2019\u0131n konu\u015fmalar\u0131 ile a\u00e7\u0131lan toplant\u0131da Muradiye OSB\u2019nin Uzunburun\u2019da yapt\u0131\u011f\u0131 \u00e7al\u0131\u015fmalar\u0131n ve b\u00f6lgenin tarihi dokusunun ele al\u0131nd\u0131\u011f\u0131 k\u0131sa film, b\u00fcy\u00fck be\u011feni toplad\u0131.<br \/>\n<br \/>Yakla\u015f\u0131k 40 y\u0131l sonra bir sanayi sitesi projesinin Muradiye OSB\u2019de hayata ge\u00e7ece\u011finden duydu\u011fu memnuniyeti ve heyecan\u0131 dile getiren Kooperatif Ba\u015fkan\u0131 Zeki Apak, Manisa\u2019n\u0131n k\u00fc\u00e7\u00fck sanayicisinin Muradiye OSB sayesinde b\u00f6yle bir alana kavu\u015fmas\u0131ndan dolay\u0131 Muradiye OSB Y\u00f6netim Kurulu Ba\u015fkan\u0131 Osman K\u0131v\u0131rc\u0131k\u2019a kooperatif \u00fcyeleri ad\u0131na te\u015fekk\u00fcrlerini dile getirdi.<\/p>\n<p>&#8220;Da\u011f\u0131 ta\u015f\u0131 delerek, b\u00f6ylesine zor bir alan\u0131 ekonomiye kazand\u0131r\u0131yoruz&#8221;<br \/>\n<br \/>Konu\u015fmalar\u0131n\u0131 yapmak \u00fczere sahneye \u00e7\u0131kan Muradiye OSB Y\u00f6netim Kurulu Ba\u015fkan\u0131 Osman K\u0131v\u0131rc\u0131k, &#8220;Uzunburun\u2019da bir geni\u015fleme alan\u0131 yap\u0131yoruz. Ge\u00e7mi\u015f d\u00f6nemdeki yerel y\u00f6netimlerin s\u00f6z verdi\u011fi ama cesaret edip giremedi\u011fi 280 metre kot farklar\u0131n\u0131n oldu\u011fu, patlatma yapmadan kaz\u0131 yapman\u0131n imkans\u0131z oldu\u011fu da\u011fl\u0131k ta\u015fl\u0131k bir alan\u0131 OSB yap\u0131yoruz. Adeta da\u011f\u0131 ta\u015f\u0131 delerek, b\u00f6ylesine zor bir alan\u0131 ekonomiye kazand\u0131r\u0131yoruz. 1. Etap olan 650 d\u00f6n\u00fcml\u00fck alanda in\u015fallah \u00f6n\u00fcm\u00fczdeki y\u0131l sonunda fabrika in\u015faatlar\u0131 ba\u015fl\u0131yor. Tamamland\u0131\u011f\u0131nda T\u00fcrkiye\u2019de \u00f6rnek g\u00f6sterilecek sanayi alanlar\u0131 aras\u0131nda 1. s\u0131rada yer alacakt\u0131r.&#8221; dedi.<\/p>\n<p>&#8220;Ucuza yer sat\u0131yoruz diye bizi hedef tahtas\u0131na bile koydular&#8221;<br \/>\n<br \/>Sanayicinin taleplerini dinlediklerini ve bu taleplere d\u00f6n\u00fck projeler haz\u0131rlad\u0131klar\u0131n\u0131 belirten Ba\u015fkan K\u0131v\u0131rc\u0131k, &#8220;Biz Muradiye OSB olarak Uzunburun Geni\u015fleme Alan\u0131\u2019nda, b\u00fcy\u00fck k\u00fc\u00e7\u00fck demeden b\u00fcy\u00fcme trendinde olan her sanayicimizin talebine olumlu y\u00f6nde cevap verdik. 3 bin metrekareden  200 bin metrekareye kadar talepler i\u00e7in parsel \u00fcrettik. D\u00fcmd\u00fcz arazide d\u00fc\u015f\u00fck maliyete ra\u011fmen, metrekare fiyat\u0131 12 bin TL\u2019den parsel satan di\u011fer b\u00f6lgelere kar\u015f\u0131; da\u011fl\u0131k ta\u015fl\u0131k arazide maliyetimiz d\u00fcz arazinin 3 kat\u0131 olmas\u0131na ra\u011fmen metrekaresini 4 bin TL\u2019ye yer tahsis ettik. Ucuza yer sat\u0131yoruz diye bizi hedef tahtas\u0131na bile koydular. Ama biz sanayicimize hizmet etmekten \u015fa\u015fmad\u0131k. Onlar\u0131n her derdine \u00e7are olduk, olmaya da devam edece\u011fiz&#8221; dedi.<\/p>\n<p>&#8220;430 adet d\u00fckk\u00e2ndan olu\u015fan bir alan\u0131 size tahsis ediyoruz&#8221;<br \/>\n<br \/>200 d\u00f6n\u00fcm arazide 430 d\u00fckkandan olu\u015fan bir alan\u0131 sanayicilere tahsis edeceklerini a\u00e7\u0131klayan Ba\u015fkan K\u0131v\u0131rc\u0131k, &#8220;Sizlere Uzunburun\u2019da b\u00f6lgenin en g\u00fczel yeri olan Yo\u011furt\u00e7u Kalesi\u2019nin hemen \u00f6n\u00fcnde Uzunburun K\u00f6y\u00fc\u2019n\u00fcn yan\u0131ndaki 200 d\u00f6n\u00fcm ve 430 adet d\u00fckkandan olu\u015fan bir alan\u0131 size tahsis ediyoruz. \u00d6ncelikle hay\u0131rl\u0131 u\u011furlu olsun. Buras\u0131 lokasyon olarak m\u00fckemmel bir konuma sahip, BYD\u2019nin yat\u0131r\u0131m yapaca\u011f\u0131 parsele ve MOSB\u2019a 1 km, Menemen yoluna 1,5 km mesafede bir yer&#8221; diye konu\u015ftu.<br \/>\n<br \/>Konu\u015fmas\u0131n\u0131 Manisa Milletvekilleri, Manisa Valisi, B\u00fcy\u00fck\u015fehir ve Yunusemre Belediye Ba\u015fkanlar\u0131na ve Kooperatif \u00fcyelerine te\u015fekk\u00fcrle sonland\u0131ran KIVIRCIK, Manisa\u2019daki sanayicilerin sorunlar\u0131na \u00e7\u00f6z\u00fcm bulan bir OSB olmaktan duydu\u011fu mutlulu\u011fu dile getirdi.<br \/>\n<br \/>B\u00fcy\u00fck\u015fehir Belediye Ba\u015fkan\u0131 Besim Dutlulu yapt\u0131\u011f\u0131 konu\u015fmas\u0131nda; 5-6 y\u0131l \u00f6nce Muradiye OSB\u2019ye geldi\u011fini, o d\u00f6nemde hen\u00fcz OSB t\u00fczel ki\u015fili\u011fi kazanmam\u0131\u015f olan bu b\u00f6lgenin nas\u0131l d\u00fczelece\u011fini d\u00fc\u015f\u00fcnd\u00fc\u011f\u00fcn\u00fc, ancak gelinen a\u015famada OSB\u2019nin \u00e7a\u011f\u0131 yakalad\u0131\u011f\u0131n\u0131 ve hatta gelece\u011fe y\u00f6nelik benzersiz bir vizyon \u00e7izdi\u011fini dile getirdi. Uzunburun\u2019da yap\u0131lan zorlu \u00e7al\u0131\u015fmalardan etkilendi\u011fini belirten Dutlulu, zaman\u0131nda \u00e7a\u011f\u0131n gerisinde kalan Muradiye Sanayi B\u00f6lgesi\u2019nin art\u0131k Uzunburun projesi ile birlikte \u00e7a\u011f\u0131n \u00f6tesine ge\u00e7en bir OSB oldu\u011funu s\u00f6yledi. Ba\u015fkan Dutlulu, &#8220;Bu yerin Muradiye OSB\u2019nin i\u00e7erisinde olmas\u0131 \u00e7ok \u00f6nemli. Altyap\u0131s\u0131 olacak, ar\u0131tma tesisi olacak, d\u00fczenli ve nizaml\u0131 bir \u00e7al\u0131\u015fma alan\u0131 olacak. \u015eu anda Muradiye\u2019de bizim yapt\u0131\u011f\u0131m\u0131z yakla\u015f\u0131k 350 milyon liran\u0131n \u00fczerinde bir maliyeti olan Muradiye ar\u0131tmas\u0131 var. \u0130halesini yapt\u0131k. \u0130n\u015faat ba\u015fl\u0131yor \u00f6n\u00fcm\u00fczdeki aylarda. 1,5 sene i\u00e7inde tamamlanacak. Tam onun biti\u015findeki arsada da Muradiye OSB\u2019nin at\u0131k su ar\u0131tma yeri var. Yer muhte\u015fem, hi\u00e7bir s\u0131k\u0131nt\u0131 yok. Gediz\u2019in kenar\u0131nda pis suyu getirecek, ar\u0131tacak, temiz su olarak salaca\u011f\u0131z. Yer olarak \u00e7ok do\u011fru bir se\u00e7im ama art\u0131k h\u0131zlanmam\u0131z laz\u0131m. \u00c7\u00fcnk\u00fc \u00e7ok \u015fahidim de sanayi tesisimiz var ve inan\u0131lmaz bir \u015fekilde \u00e7evreyi kirletiyoruz. \u0130kincisi az \u00f6nce dedi\u011fim gibi biz de destek olal\u0131m. Yeni alanlarda gerekirse biz de i\u015fin orta\u011f\u0131 olal\u0131m. Biz k\u00fc\u00e7\u00fck esnafa daha \u00e7ok sahip \u00e7\u0131kal\u0131m. K\u00fc\u00e7\u00fck sanayiciye daha \u00e7ok sahip \u00e7\u0131kal\u0131m. K\u00fc\u00e7\u00fck sanayileri, kooperatifleri biz OSB\u2019lerin i\u00e7ine entegre edelim. Bu da do\u011fru bir proje. \u00dc\u00e7\u00fcnc\u00fcs\u00fc \u00e7ok do\u011fru bir \u015fey s\u00f6yledi\u011finiz, bence OSB\u2019lerin milyon dolarl\u0131 kasada olmamas\u0131 laz\u0131m. Zaten siz de benden daha iyi biliyorsunuz. Devlet bir yerden sonra bu paray\u0131 el koyacak. O y\u00fczden OSB\u2019lerin biraz risk al\u0131p ve ya\u015fad\u0131klar\u0131 \u015fehre de destek olmas\u0131 a\u00e7\u0131s\u0131ndan \u015fehirlere daha \u00e7ok yat\u0131r\u0131m yapmalar\u0131 laz\u0131m&#8221; dedi.<br \/>\n<br \/>Muradiye OSB\u2019nin k\u00fc\u00e7\u00fck sanayiciler i\u00e7in se\u00e7ti\u011fi b\u00f6lgenin \u00f6nemine de\u011finen Manisa Valisi Vahdettin \u00d6zkan, &#8220;\u00d6zellikle \u015fehrin s\u0131k\u0131\u015fm\u0131\u015fl\u0131\u011f\u0131, trafik y\u00f6n\u00fcnde, de\u011ferler y\u00f6n\u00fcnde B\u00fct\u00fcn birinci, en birinci sorunu b\u00fct\u00fcn \u015fehrin y\u00f6neticileri biz de ilk g\u00f6reve ba\u015flad\u0131\u011f\u0131m\u0131z zamanda her gelen arkada\u015flar hakl\u0131 olarak \u015fehirde bir s\u0131k\u0131\u015fma var ve \u00f6zellikle bu k\u00fc\u00e7\u00fck esnaf\u0131m\u0131z\u0131n, e\u015fraf\u0131m\u0131z\u0131n bunlar\u0131n yer temini y\u00f6n\u00fcnde bir talepleri vard\u0131. Bug\u00fcn de bu talebin yerine getirilmesi ile ilgili bir nebze bir mesafenin katledilmesinden \u015fehir olarak mutluyuz. Sizler mutlusunuz. Sizler mutlu olduk\u00e7a biz \u015fehir y\u00f6neticileri olarak bizler de mutlu oluyoruz. Hem merkezi idarenin hem mahalli idarelerin, belediyelerin el birli\u011fi yaparak sizin bu hissiyat\u0131n\u0131za terc\u00fcman olmas\u0131 \u00e7ok k\u0131ymetli bir \u015fey. Biliyorsunuz d\u00fcnyada da, T\u00fcrkiye\u2019de de, b\u00fct\u00fcn \u015fehirlerde de esas olan art\u0131k ulusal sanayi stratejimiz, d\u00fcnyadaki sanayi stratejileri daha \u00e7evre dostu, daha dijital, daha \u015fehri rahatlatacak bir k\u00fcmelemeye sahip olmakt\u0131r&#8221; ifadelerini kulland\u0131.<br \/>\n<br \/>Toplant\u0131ya Manisa Valisi Vahdettin \u00d6zkan, \u0130l Jandarma Komutan\u0131 \u0130lhan \u015een, B\u00fcy\u00fck\u015fehir Belediye Ba\u015fkan\u0131 Besim Dutlulu, Yunusemre Kaymakam\u0131 Celalettin Cant\u00fcrk, Yunusemre Belediye Ba\u015fkan\u0131 Semih Balaban, AK Parti \u0130l Ba\u015fkan Yard\u0131mc\u0131s\u0131 Emre \u015eener ve Muradiye OSB Y\u00f6netim Kurulu Ba\u015fkan\u0131 Osman K\u0131v\u0131rc\u0131k ile sanayiciler kat\u0131ld\u0131.<br \/><\/p>\n","protected":false},"excerpt":{"rendered":"<p>Muradiye Organize Sanayi B\u00f6lgesi Uzunburun Geni\u015fleme Alan\u0131\u2019nda k\u00fc\u00e7\u00fck ve orta \u00f6l\u00e7ekli sanayicilere y\u00f6nelik in\u015fa edilecek 430 i\u015fyerinin tan\u0131t\u0131m\u0131, Manisa protokol\u00fcn\u00fcn geni\u015f kat\u0131l\u0131m\u0131yla d\u00fczenlenen lansman toplant\u0131s\u0131yla kamuoyuna tan\u0131t\u0131ld\u0131. Zorlu arazi \u015fartlar\u0131na ra\u011fmen hayata ge\u00e7irilen proje, uygun maliyetli parsel yap\u0131s\u0131 ve stratejik konumuyla Manisa sanayisinin gelece\u011fine y\u00f6n verecek \u00f6nemli bir yat\u0131r\u0131m olarak \u00f6ne \u00e7\u0131kt\u0131. Muradiye Organize Sanayi&#8230;<\/p>\n","protected":false},"author":1,"featured_media":76268,"comment_status":"open","ping_status":"open","sticky":false,"template":"","format":"standard","meta":{"_crdt_document":"","footnotes":""},"categories":[125],"tags":[],"class_list":["post-76267","post","type-post","status-publish","format-standard","has-post-thumbnail","hentry","category-ekonomi"],"_links":{"self":[{"href":"https:\/\/www.egemtv.com\/index.php?rest_route=\/wp\/v2\/posts\/76267","targetHints":{"allow":["GET"]}}],"collection":[{"href":"https:\/\/www.egemtv.com\/index.php?rest_route=\/wp\/v2\/posts"}],"about":[{"href":"https:\/\/www.egemtv.com\/index.php?rest_route=\/wp\/v2\/types\/post"}],"author":[{"embeddable":true,"href":"https:\/\/www.egemtv.com\/index.php?rest_route=\/wp\/v2\/users\/1"}],"replies":[{"embeddable":true,"href":"https:\/\/www.egemtv.com\/index.php?rest_route=%2Fwp%2Fv2%2Fcomments&post=76267"}],"version-history":[{"count":1,"href":"https:\/\/www.egemtv.com\/index.php?rest_route=\/wp\/v2\/posts\/76267\/revisions"}],"predecessor-version":[{"id":76269,"href":"https:\/\/www.egemtv.com\/index.php?rest_route=\/wp\/v2\/posts\/76267\/revisions\/76269"}],"wp:featuredmedia":[{"embeddable":true,"href":"https:\/\/www.egemtv.com\/index.php?rest_route=\/wp\/v2\/media\/76268"}],"wp:attachment":[{"href":"https:\/\/www.egemtv.com\/index.php?rest_route=%2Fwp%2Fv2%2Fmedia&parent=76267"}],"wp:term":[{"taxonomy":"category","embeddable":true,"href":"https:\/\/www.egemtv.com\/index.php?rest_route=%2Fwp%2Fv2%2Fcategories&post=76267"},{"taxonomy":"post_tag","embeddable":true,"href":"https:\/\/www.egemtv.com\/index.php?rest_route=%2Fwp%2Fv2%2Ftags&post=76267"}],"curies":[{"name":"wp","href":"https:\/\/api.w.org\/{rel}","templated":true}]}}