{"id":76264,"date":"2025-12-24T11:14:37","date_gmt":"2025-12-24T08:14:37","guid":{"rendered":"https:\/\/www.egemtv.com\/?p=76264"},"modified":"2025-12-24T11:14:39","modified_gmt":"2025-12-24T08:14:39","slug":"goztepede-ilk-devrenin-yildizi-juan-oldu","status":"publish","type":"post","link":"https:\/\/www.egemtv.com\/?p=76264","title":{"rendered":"G\u00f6ztepe\u2019de ilk devrenin y\u0131ld\u0131z\u0131 Juan oldu"},"content":{"rendered":"<p>G\u00f6ztepe\u2019de ligin ilk yar\u0131s\u0131nda 6 gole imza atan Brezilyal\u0131 futbolcu Juan, sar\u0131-k\u0131rm\u0131z\u0131l\u0131lar\u0131n en golc\u00fcs\u00fc oldu .<br \/>\n<br \/>G\u00f6ztepe, Trendyol S\u00fcper Lig\u2019in ilk yar\u0131s\u0131nda h\u00fccum \u00fcretkenli\u011fi konusunda zaman zaman ciddi s\u0131k\u0131nt\u0131lar ya\u015fasa da 17 ma\u00e7ta rakip fileleri 21 kez havaland\u0131rmay\u0131 ba\u015fard\u0131. Romulo\u2019nun ayr\u0131l\u0131\u011f\u0131n\u0131n ard\u0131ndan forvet hatt\u0131nda sorun ya\u015fayan sar\u0131-k\u0131rm\u0131z\u0131l\u0131lar, tak\u0131ma yeni kat\u0131lan Janderson ve Sabra\u2019dan da beklenen gol katk\u0131s\u0131n\u0131 alamad\u0131. Bu s\u00fcre\u00e7te sahneye \u00e7\u0131kan isim ise Brezilyal\u0131 golc\u00fc Juan oldu. Sar\u0131-k\u0131rm\u0131z\u0131l\u0131 formayla bu sezon 16 ma\u00e7a \u00e7\u0131kan 22 ya\u015f\u0131ndaki oyuncu, 6 gol ve 2 asistlik performans\u0131yla tak\u0131m\u0131n\u0131n ilk yar\u0131daki skor y\u00fck\u00fcn\u00fc b\u00fcy\u00fck \u00f6l\u00e7\u00fcde \u00fcstlendi. Juan\u2019\u0131 bu alanda 3 golle orta saha oyuncusu Anthony Dennis takip etti.<\/p>\n<p>Janderson ve Sabra 3 gol att\u0131<br \/>\n<br \/>G\u00f6ztepe\u2019nin yaz transfer d\u00f6neminde b\u00fcy\u00fck umutlarla kadrosuna katt\u0131\u011f\u0131 golc\u00fcler Janderson ve Ibrahim Sabra, ligin ilk yar\u0131s\u0131nda beklentilerin gerisinde kald\u0131. Sabra, hem s\u0131n\u0131rl\u0131 s\u00fcre almas\u0131 hem de ya\u015fad\u0131\u011f\u0131 sakatl\u0131klar nedeniyle g\u00f6rev ald\u0131\u011f\u0131 91 dakikada sadece 1 gol kaydedebildi. Brezilyal\u0131 futbolcu Janderson ise ilk devrede tak\u0131m\u0131n adeta de\u011fi\u015fmez isimlerinden biri olmas\u0131na ra\u011fmen istenilen skor katk\u0131s\u0131n\u0131 veremedi. Ligde 16 ma\u00e7ta bin 350 dakika sahada kalan 26 ya\u015f\u0131ndaki futbolcu, bu s\u00fcre\u00e7te 2 gol ve 3 asistle oynad\u0131. \u0130ki futbolcu toplamda 3 golle tak\u0131m\u0131na katk\u0131 sa\u011flayabildi.<\/p>\n<p>\u0130ki forvet takviyesi yap\u0131labilir<br \/>\n<br \/>S\u00fcper Lig\u2019in ilk yar\u0131s\u0131nda h\u00fccumda \u00fcretkenlik sorunu ya\u015fayan G\u00f6ztepe\u2019de g\u00f6zler transfer d\u00f6nemine \u00e7evrildi. Teknik Direkt\u00f6r Stanimir Stoilov, \u00f6zellikle \u00f6n b\u00f6lgeye takviye yap\u0131lmas\u0131n\u0131 isterken, \u00fc\u00e7 yeni oyuncunun kadroya kat\u0131lmas\u0131n\u0131 talep etti. Sar\u0131-k\u0131rm\u0131z\u0131l\u0131lar, bu do\u011frultuda ilk hamlesini yaparak \u0130svi\u00e7reli ofansif orta saha Alexis Antunes\u2019i renklerine ba\u011flad\u0131. H\u00fccum hatt\u0131na \u00fc\u00e7 takviye isteyen Stoilov\u2019un, kalan iki transferin ise forvet b\u00f6lgesine yap\u0131lmas\u0131n\u0131 planlad\u0131\u011f\u0131 \u00f6\u011frenildi. Bu geli\u015fmeler do\u011frultusunda Ibrahim Sabra\u2019n\u0131n daha fazla forma \u015fans\u0131 bulabilece\u011fi bir tak\u0131ma kiralanmas\u0131 se\u00e7ene\u011fi de g\u00fcndeme gelebilir.<br \/><\/p>\n","protected":false},"excerpt":{"rendered":"<p>G\u00f6ztepe\u2019de ligin ilk yar\u0131s\u0131nda 6 gole imza atan Brezilyal\u0131 futbolcu Juan, sar\u0131-k\u0131rm\u0131z\u0131l\u0131lar\u0131n en golc\u00fcs\u00fc oldu . G\u00f6ztepe, Trendyol S\u00fcper Lig\u2019in ilk yar\u0131s\u0131nda h\u00fccum \u00fcretkenli\u011fi konusunda zaman zaman ciddi s\u0131k\u0131nt\u0131lar ya\u015fasa da 17 ma\u00e7ta rakip fileleri 21 kez havaland\u0131rmay\u0131 ba\u015fard\u0131. Romulo\u2019nun ayr\u0131l\u0131\u011f\u0131n\u0131n ard\u0131ndan forvet hatt\u0131nda sorun ya\u015fayan sar\u0131-k\u0131rm\u0131z\u0131l\u0131lar, tak\u0131ma yeni kat\u0131lan Janderson ve Sabra\u2019dan da beklenen&#8230;<\/p>\n","protected":false},"author":1,"featured_media":76265,"comment_status":"open","ping_status":"open","sticky":false,"template":"","format":"standard","meta":{"_crdt_document":"","footnotes":""},"categories":[4],"tags":[],"class_list":["post-76264","post","type-post","status-publish","format-standard","has-post-thumbnail","hentry","category-spor"],"_links":{"self":[{"href":"https:\/\/www.egemtv.com\/index.php?rest_route=\/wp\/v2\/posts\/76264","targetHints":{"allow":["GET"]}}],"collection":[{"href":"https:\/\/www.egemtv.com\/index.php?rest_route=\/wp\/v2\/posts"}],"about":[{"href":"https:\/\/www.egemtv.com\/index.php?rest_route=\/wp\/v2\/types\/post"}],"author":[{"embeddable":true,"href":"https:\/\/www.egemtv.com\/index.php?rest_route=\/wp\/v2\/users\/1"}],"replies":[{"embeddable":true,"href":"https:\/\/www.egemtv.com\/index.php?rest_route=%2Fwp%2Fv2%2Fcomments&post=76264"}],"version-history":[{"count":1,"href":"https:\/\/www.egemtv.com\/index.php?rest_route=\/wp\/v2\/posts\/76264\/revisions"}],"predecessor-version":[{"id":76266,"href":"https:\/\/www.egemtv.com\/index.php?rest_route=\/wp\/v2\/posts\/76264\/revisions\/76266"}],"wp:featuredmedia":[{"embeddable":true,"href":"https:\/\/www.egemtv.com\/index.php?rest_route=\/wp\/v2\/media\/76265"}],"wp:attachment":[{"href":"https:\/\/www.egemtv.com\/index.php?rest_route=%2Fwp%2Fv2%2Fmedia&parent=76264"}],"wp:term":[{"taxonomy":"category","embeddable":true,"href":"https:\/\/www.egemtv.com\/index.php?rest_route=%2Fwp%2Fv2%2Fcategories&post=76264"},{"taxonomy":"post_tag","embeddable":true,"href":"https:\/\/www.egemtv.com\/index.php?rest_route=%2Fwp%2Fv2%2Ftags&post=76264"}],"curies":[{"name":"wp","href":"https:\/\/api.w.org\/{rel}","templated":true}]}}