{"id":76261,"date":"2025-12-24T10:55:00","date_gmt":"2025-12-24T07:55:00","guid":{"rendered":"https:\/\/www.egemtv.com\/?p=76261"},"modified":"2025-12-24T10:55:01","modified_gmt":"2025-12-24T07:55:01","slug":"tavsanlida-yogun-sis","status":"publish","type":"post","link":"https:\/\/www.egemtv.com\/?p=76261","title":{"rendered":"Tav\u015fanl\u0131\u2019da yo\u011fun sis"},"content":{"rendered":"<p>K\u00fctahya\u2019n\u0131n Tav\u015fanl\u0131 il\u00e7esinde sabah saatlerinden itibaren etkili olan yo\u011fun sis, hayat\u0131 ve ula\u015f\u0131m\u0131 olumsuz etkiliyor. G\u00f6r\u00fc\u015f mesafesinin yer yer 50 metreye kadar d\u00fc\u015ft\u00fc\u011f\u00fc il\u00e7ede, s\u00fcr\u00fcc\u00fcler zor anlar ya\u015f\u0131yor.<br \/>\n<br \/>Tav\u015fanl\u0131 genelinde gece saatlerinde ba\u015flayan ve sabah\u0131n ilk \u0131\u015f\u0131klar\u0131yla birlikte etkisini art\u0131ran yo\u011fun sis tabakas\u0131, kenti adeta beyaza b\u00fcr\u00fcd\u00fc. \u0130l\u00e7e merkezinde ve \u00e7evre yollar\u0131nda etkili olan sis nedeniyle g\u00f6r\u00fc\u015f mesafesi baz\u0131 noktalarda 50 metrenin alt\u0131na kadar geriledi.<br \/>\n<br \/>\u00d6zellikle sabah saatlerinde okul ve i\u015f yerlerine gitmek \u00fczere yola \u00e7\u0131kan vatanda\u015flar, trafikte ilerlemekte g\u00fc\u00e7l\u00fck \u00e7ekti. Trafik ekipleri, ana arterler ve kav\u015faklarda \u00f6nlemlerini art\u0131r\u0131rken; s\u00fcr\u00fcc\u00fclerin takip mesafelerini korumalar\u0131 ve h\u0131zlar\u0131n\u0131 minimum seviyeye indirmeleri konusunda uyar\u0131larda bulundu.<br \/><\/p>\n","protected":false},"excerpt":{"rendered":"<p>K\u00fctahya\u2019n\u0131n Tav\u015fanl\u0131 il\u00e7esinde sabah saatlerinden itibaren etkili olan yo\u011fun sis, hayat\u0131 ve ula\u015f\u0131m\u0131 olumsuz etkiliyor. G\u00f6r\u00fc\u015f mesafesinin yer yer 50 metreye kadar d\u00fc\u015ft\u00fc\u011f\u00fc il\u00e7ede, s\u00fcr\u00fcc\u00fcler zor anlar ya\u015f\u0131yor. Tav\u015fanl\u0131 genelinde gece saatlerinde ba\u015flayan ve sabah\u0131n ilk \u0131\u015f\u0131klar\u0131yla birlikte etkisini art\u0131ran yo\u011fun sis tabakas\u0131, kenti adeta beyaza b\u00fcr\u00fcd\u00fc. \u0130l\u00e7e merkezinde ve \u00e7evre yollar\u0131nda etkili olan sis&#8230;<\/p>\n","protected":false},"author":1,"featured_media":76262,"comment_status":"open","ping_status":"open","sticky":false,"template":"","format":"standard","meta":{"_crdt_document":"","footnotes":""},"categories":[1],"tags":[],"class_list":["post-76261","post","type-post","status-publish","format-standard","has-post-thumbnail","hentry","category-guncel"],"_links":{"self":[{"href":"https:\/\/www.egemtv.com\/index.php?rest_route=\/wp\/v2\/posts\/76261","targetHints":{"allow":["GET"]}}],"collection":[{"href":"https:\/\/www.egemtv.com\/index.php?rest_route=\/wp\/v2\/posts"}],"about":[{"href":"https:\/\/www.egemtv.com\/index.php?rest_route=\/wp\/v2\/types\/post"}],"author":[{"embeddable":true,"href":"https:\/\/www.egemtv.com\/index.php?rest_route=\/wp\/v2\/users\/1"}],"replies":[{"embeddable":true,"href":"https:\/\/www.egemtv.com\/index.php?rest_route=%2Fwp%2Fv2%2Fcomments&post=76261"}],"version-history":[{"count":1,"href":"https:\/\/www.egemtv.com\/index.php?rest_route=\/wp\/v2\/posts\/76261\/revisions"}],"predecessor-version":[{"id":76263,"href":"https:\/\/www.egemtv.com\/index.php?rest_route=\/wp\/v2\/posts\/76261\/revisions\/76263"}],"wp:featuredmedia":[{"embeddable":true,"href":"https:\/\/www.egemtv.com\/index.php?rest_route=\/wp\/v2\/media\/76262"}],"wp:attachment":[{"href":"https:\/\/www.egemtv.com\/index.php?rest_route=%2Fwp%2Fv2%2Fmedia&parent=76261"}],"wp:term":[{"taxonomy":"category","embeddable":true,"href":"https:\/\/www.egemtv.com\/index.php?rest_route=%2Fwp%2Fv2%2Fcategories&post=76261"},{"taxonomy":"post_tag","embeddable":true,"href":"https:\/\/www.egemtv.com\/index.php?rest_route=%2Fwp%2Fv2%2Ftags&post=76261"}],"curies":[{"name":"wp","href":"https:\/\/api.w.org\/{rel}","templated":true}]}}