{"id":76258,"date":"2025-12-24T10:54:59","date_gmt":"2025-12-24T07:54:59","guid":{"rendered":"https:\/\/www.egemtv.com\/?p=76258"},"modified":"2025-12-24T10:55:00","modified_gmt":"2025-12-24T07:55:00","slug":"personelinden-baskan-serkan-acara-dogum-gunu-surprizi","status":"publish","type":"post","link":"https:\/\/www.egemtv.com\/?p=76258","title":{"rendered":"Personelinden Ba\u015fkan Serkan Acar\u2019a do\u011fum g\u00fcn\u00fc s\u00fcrprizi"},"content":{"rendered":"<p>Alia\u011fa Belediyesi personeli, Belediye Ba\u015fkan\u0131 Serkan Acar\u2019\u0131n do\u011fum g\u00fcn\u00fcn\u00fc duygu dolu bir s\u00fcrprizle kutlad\u0131. Alia\u011fa Belediyesi ENKA Spor Salonu\u2019nda d\u00fczenlenen organizasyonda belediye \u00e7al\u0131\u015fanlar\u0131 bir araya gelerek Ba\u015fkan Serkan Acar\u2019a unutulmaz anlar ya\u015fatt\u0131.<br \/>\n<br \/>Ba\u015fkan Serkan Acar, salona merhum sanat\u00e7\u0131 M\u00fcsl\u00fcm G\u00fcrses\u2019in &#8220;Seni Yazd\u0131m&#8221; \u015fark\u0131s\u0131 e\u015fli\u011finde, alk\u0131\u015flar aras\u0131nda giri\u015f yapt\u0131. Samimi bir atmosferde ger\u00e7ekle\u015fen kutlamada, pasta \u00fczerindeki &#8220;\u0130l olma yolunda bir dilim mola. G\u00fclen y\u00fczlerin ba\u015fkan\u0131 iyi ki do\u011fdu&#8221; mesaj\u0131yla Alia\u011fa\u2019n\u0131n 82 il hedefi vurguland\u0131. Ba\u015fkan Serkan Acar, kutlama pastas\u0131n\u0131 personel ile \u00fcfledi. Program boyunca personelle sohbet eden Ba\u015fkan Serkan Acar, \u00e7al\u0131\u015fanlar\u0131n talep ve g\u00f6r\u00fc\u015flerini de dinledi.<br \/>\n<br \/>Ba\u015fkan Serkan Acar, ekip arkada\u015flar\u0131na te\u015fekk\u00fcr ederek, &#8220;Do\u011fum g\u00fcn\u00fc asl\u0131nda bir bahane; sizlerle bir araya gelmek, yan\u0131n\u0131zda olmak \u00e7ok g\u00fczel. Bir y\u0131l\u0131 daha geride b\u0131rak\u0131yoruz. G\u00f6revinizi lay\u0131k\u0131yla yerine getirmek i\u00e7in g\u00f6sterdi\u011finiz \u00e7aba i\u00e7in her birinize te\u015fekk\u00fcr ediyorum. G\u00f6revi ba\u015f\u0131nda olup buraya gelemeyen t\u00fcm personellerime de ayr\u0131ca te\u015fekk\u00fcr ediyorum. Yeni y\u0131l\u0131n sizlere ve ailelerinize sa\u011fl\u0131k ve huzur getirmesini diliyorum. \u00dclke genelinde ya\u015fanan s\u0131k\u0131nt\u0131lar\u0131 Alia\u011fa\u2019da da hissettik ancak belediyemiz ve \u00e7al\u0131\u015fanlar\u0131m\u0131z, vatanda\u015flar\u0131m\u0131za bu zorluklar\u0131 hissettirmeden hizmetlerini aksatmadan s\u00fcrd\u00fcrd\u00fc. Bir\u00e7ok yerde ya\u015fanan olumsuzluklar Alia\u011fa\u2019da ya\u015fanmad\u0131. Hep birlikte m\u00fccadele verdik, y\u0131lmad\u0131k ve bir y\u0131l\u0131 daha tamamlad\u0131k. Alia\u011fam\u0131z, T\u00fcrkiye\u2019nin bir\u00e7ok noktas\u0131nda \u00f6zellikle kalk\u0131nmas\u0131, de\u011fi\u015fimi, hizmetleri, sosyal aktiviteleri ve sosyal yard\u0131mlar\u0131 konusunda \u00f6rnek g\u00f6steriliyor. Pek \u00e7ok yer Alia\u011fam\u0131z\u0131 rol model al\u0131yor. Bu ba\u015far\u0131 sizlerin ba\u015far\u0131s\u0131d\u0131r. Her f\u0131rsatta dile getiriyorum; en b\u00fcy\u00fck destek\u00e7im, ba\u015f\u0131m\u0131 hi\u00e7bir zaman e\u011fmeyen siz de\u011ferli ekip arkada\u015flar\u0131ms\u0131n\u0131z. Hepinize y\u00fcrekten te\u015fekk\u00fcr ediyorum&#8221; dedi.<br \/>\n<br \/>S\u00fcrpriz do\u011fum g\u00fcn\u00fc kutlamas\u0131, hat\u0131ra foto\u011fraflar\u0131n\u0131n \u00e7ekilmesi ve iyi dilek temennileriyle sona erdi.<br \/><\/p>\n","protected":false},"excerpt":{"rendered":"<p>Alia\u011fa Belediyesi personeli, Belediye Ba\u015fkan\u0131 Serkan Acar\u2019\u0131n do\u011fum g\u00fcn\u00fcn\u00fc duygu dolu bir s\u00fcrprizle kutlad\u0131. Alia\u011fa Belediyesi ENKA Spor Salonu\u2019nda d\u00fczenlenen organizasyonda belediye \u00e7al\u0131\u015fanlar\u0131 bir araya gelerek Ba\u015fkan Serkan Acar\u2019a unutulmaz anlar ya\u015fatt\u0131. Ba\u015fkan Serkan Acar, salona merhum sanat\u00e7\u0131 M\u00fcsl\u00fcm G\u00fcrses\u2019in &#8220;Seni Yazd\u0131m&#8221; \u015fark\u0131s\u0131 e\u015fli\u011finde, alk\u0131\u015flar aras\u0131nda giri\u015f yapt\u0131. Samimi bir atmosferde ger\u00e7ekle\u015fen kutlamada, pasta \u00fczerindeki&#8230;<\/p>\n","protected":false},"author":1,"featured_media":76259,"comment_status":"open","ping_status":"open","sticky":false,"template":"","format":"standard","meta":{"_crdt_document":"","footnotes":""},"categories":[1],"tags":[],"class_list":["post-76258","post","type-post","status-publish","format-standard","has-post-thumbnail","hentry","category-guncel"],"_links":{"self":[{"href":"https:\/\/www.egemtv.com\/index.php?rest_route=\/wp\/v2\/posts\/76258","targetHints":{"allow":["GET"]}}],"collection":[{"href":"https:\/\/www.egemtv.com\/index.php?rest_route=\/wp\/v2\/posts"}],"about":[{"href":"https:\/\/www.egemtv.com\/index.php?rest_route=\/wp\/v2\/types\/post"}],"author":[{"embeddable":true,"href":"https:\/\/www.egemtv.com\/index.php?rest_route=\/wp\/v2\/users\/1"}],"replies":[{"embeddable":true,"href":"https:\/\/www.egemtv.com\/index.php?rest_route=%2Fwp%2Fv2%2Fcomments&post=76258"}],"version-history":[{"count":1,"href":"https:\/\/www.egemtv.com\/index.php?rest_route=\/wp\/v2\/posts\/76258\/revisions"}],"predecessor-version":[{"id":76260,"href":"https:\/\/www.egemtv.com\/index.php?rest_route=\/wp\/v2\/posts\/76258\/revisions\/76260"}],"wp:featuredmedia":[{"embeddable":true,"href":"https:\/\/www.egemtv.com\/index.php?rest_route=\/wp\/v2\/media\/76259"}],"wp:attachment":[{"href":"https:\/\/www.egemtv.com\/index.php?rest_route=%2Fwp%2Fv2%2Fmedia&parent=76258"}],"wp:term":[{"taxonomy":"category","embeddable":true,"href":"https:\/\/www.egemtv.com\/index.php?rest_route=%2Fwp%2Fv2%2Fcategories&post=76258"},{"taxonomy":"post_tag","embeddable":true,"href":"https:\/\/www.egemtv.com\/index.php?rest_route=%2Fwp%2Fv2%2Ftags&post=76258"}],"curies":[{"name":"wp","href":"https:\/\/api.w.org\/{rel}","templated":true}]}}