{"id":76252,"date":"2025-12-24T10:34:40","date_gmt":"2025-12-24T07:34:40","guid":{"rendered":"https:\/\/www.egemtv.com\/?p=76252"},"modified":"2025-12-24T10:34:41","modified_gmt":"2025-12-24T07:34:41","slug":"masterler-dernegi-uyeleri-kahvaltida-bulustu","status":"publish","type":"post","link":"https:\/\/www.egemtv.com\/?p=76252","title":{"rendered":"Masterler Derne\u011fi \u00fcyeleri kahvalt\u0131da bulu\u015ftu"},"content":{"rendered":"<p>Karahisar Masterler Derne\u011fi \u00fcyeleri \u015euhut il\u00e7esinde birlik ve beraberlik \u00e7er\u00e7evesinde d\u00fczenlenen kahvalt\u0131 program\u0131nda bir araya geldi.<br \/>\n<br \/>\u015euhut Ke\u015fkek Evi\u2019nde ger\u00e7ekle\u015ftirilen programa dernek \u00fcyeleri yo\u011fun ilgi g\u00f6sterdi.<br \/>\n<br \/>Karahisar Masterler Derne\u011fi Ba\u015fkan\u0131 Adnan Kasabal\u0131, futbol tak\u0131m\u0131 hocalar\u0131 Hakk\u0131 Mertgen\u00e7 ve Ali Gen\u00e7 \u00f6nc\u00fcl\u00fc\u011f\u00fcnde d\u00fczenlenen kahvalt\u0131 bulu\u015fmas\u0131nda \u00fcyeler, samimi bir ortamda bir araya gelerek sohbet etti. Programda spor g\u00fcndemine dair de\u011ferlendirmeler yap\u0131l\u0131rken, kar\u015f\u0131l\u0131kl\u0131 fikir al\u0131\u015fveri\u015flerinde bulunuldu.<br \/><\/p>\n","protected":false},"excerpt":{"rendered":"<p>Karahisar Masterler Derne\u011fi \u00fcyeleri \u015euhut il\u00e7esinde birlik ve beraberlik \u00e7er\u00e7evesinde d\u00fczenlenen kahvalt\u0131 program\u0131nda bir araya geldi. \u015euhut Ke\u015fkek Evi\u2019nde ger\u00e7ekle\u015ftirilen programa dernek \u00fcyeleri yo\u011fun ilgi g\u00f6sterdi. Karahisar Masterler Derne\u011fi Ba\u015fkan\u0131 Adnan Kasabal\u0131, futbol tak\u0131m\u0131 hocalar\u0131 Hakk\u0131 Mertgen\u00e7 ve Ali Gen\u00e7 \u00f6nc\u00fcl\u00fc\u011f\u00fcnde d\u00fczenlenen kahvalt\u0131 bulu\u015fmas\u0131nda \u00fcyeler, samimi bir ortamda bir araya gelerek sohbet etti. Programda spor&#8230;<\/p>\n","protected":false},"author":1,"featured_media":76253,"comment_status":"open","ping_status":"open","sticky":false,"template":"","format":"standard","meta":{"_crdt_document":"","footnotes":""},"categories":[4],"tags":[],"class_list":["post-76252","post","type-post","status-publish","format-standard","has-post-thumbnail","hentry","category-spor"],"_links":{"self":[{"href":"https:\/\/www.egemtv.com\/index.php?rest_route=\/wp\/v2\/posts\/76252","targetHints":{"allow":["GET"]}}],"collection":[{"href":"https:\/\/www.egemtv.com\/index.php?rest_route=\/wp\/v2\/posts"}],"about":[{"href":"https:\/\/www.egemtv.com\/index.php?rest_route=\/wp\/v2\/types\/post"}],"author":[{"embeddable":true,"href":"https:\/\/www.egemtv.com\/index.php?rest_route=\/wp\/v2\/users\/1"}],"replies":[{"embeddable":true,"href":"https:\/\/www.egemtv.com\/index.php?rest_route=%2Fwp%2Fv2%2Fcomments&post=76252"}],"version-history":[{"count":1,"href":"https:\/\/www.egemtv.com\/index.php?rest_route=\/wp\/v2\/posts\/76252\/revisions"}],"predecessor-version":[{"id":76254,"href":"https:\/\/www.egemtv.com\/index.php?rest_route=\/wp\/v2\/posts\/76252\/revisions\/76254"}],"wp:featuredmedia":[{"embeddable":true,"href":"https:\/\/www.egemtv.com\/index.php?rest_route=\/wp\/v2\/media\/76253"}],"wp:attachment":[{"href":"https:\/\/www.egemtv.com\/index.php?rest_route=%2Fwp%2Fv2%2Fmedia&parent=76252"}],"wp:term":[{"taxonomy":"category","embeddable":true,"href":"https:\/\/www.egemtv.com\/index.php?rest_route=%2Fwp%2Fv2%2Fcategories&post=76252"},{"taxonomy":"post_tag","embeddable":true,"href":"https:\/\/www.egemtv.com\/index.php?rest_route=%2Fwp%2Fv2%2Ftags&post=76252"}],"curies":[{"name":"wp","href":"https:\/\/api.w.org\/{rel}","templated":true}]}}