{"id":76249,"date":"2025-12-24T10:14:56","date_gmt":"2025-12-24T07:14:56","guid":{"rendered":"https:\/\/www.egemtv.com\/?p=76249"},"modified":"2025-12-24T10:14:56","modified_gmt":"2025-12-24T07:14:56","slug":"kusadasinda-sporseverlerden-balon-korta-yogun-ilgi","status":"publish","type":"post","link":"https:\/\/www.egemtv.com\/?p=76249","title":{"rendered":"Ku\u015fadas\u0131\u2019nda sporseverlerden balon korta yo\u011fun ilgi"},"content":{"rendered":"<p>Ku\u015fadas\u0131 Belediyesi taraf\u0131ndan Ku\u015fadas\u0131 Tenis Kul\u00fcb\u00fc\u2019nde yap\u0131m\u0131 tamamlanan balon kort yo\u011fun ilgi g\u00f6rmeye ba\u015flad\u0131. Balon kortu kullanan sporseverler k\u0131\u015f aylar\u0131nda da olumsuz hava \u015fartlar\u0131ndan etkilenmeden rahat\u00e7a tenis oynayabiliyor.<\/p>\n<p>Ku\u015fadas\u0131 Tenis Kul\u00fcb\u00fc\u2019nde ge\u00e7ti\u011fimiz hafta kortlardan birinin \u00fczeri ve \u00e7evresi, Ku\u015fadas\u0131 Belediyesi taraf\u0131ndan \u2019balon\u2019 ad\u0131 verilen sistemle kapat\u0131ld\u0131. Kentte spor yap\u0131labilecek alternatif alanlar\u0131 \u00e7o\u011faltmak amac\u0131yla ger\u00e7ekle\u015ftirilen \u00e7al\u0131\u015fmada Park ve Bah\u00e7eler M\u00fcd\u00fcrl\u00fc\u011f\u00fc ile i\u015f birli\u011fi i\u00e7erisinde \u00e7al\u0131\u015fan \u00f6zel bir ekip, kortu y\u00fcksek mukavemetli membran malzeme ile \u00f6rtt\u00fc. \u00d6zel fan sistemleri ile \u015fi\u015firilen balon kort sayesinde tesis, sporseverler i\u00e7in ya\u011fmur, r\u00fczgar ve so\u011fuk havadan etkilenmeden k\u0131\u015f aylar\u0131nda da rahat\u00e7a tenis oynayabildikleri bir hale geldi.<\/p>\n<p>Balon korta Ku\u015fadal\u0131lar\u0131n ilgisi de yo\u011fun oldu. Ku\u015fadas\u0131 Tenis Kul\u00fcb\u00fc\u2019ne gelenler balon kortta tenis oynaman\u0131n keyfini doyas\u0131ya \u00e7\u0131karmaya ba\u015flad\u0131. Ba\u015fkan \u00d6mer G\u00fcnel\u2019in kente \u00e7ok \u00f6nemli bir tesis kazand\u0131rd\u0131\u011f\u0131n\u0131 belirten Ahmet Ha\u015fim Demirler, &#8220;\u00d6ncelikle buras\u0131 gen\u00e7lere sporu sevdiren bir tenis merkezi oldu. Ben ayn\u0131 zamanda tenis hakemli\u011fi de yap\u0131yorum. Balon kortlar k\u0131\u015f aylar\u0131nda bizim kurtar\u0131c\u0131m\u0131z oluyor&#8221; dedi.<\/p>\n<p>Uzun y\u0131llard\u0131r tenis oynayan \u0130dil Yaman da &#8220;Ku\u015fadas\u0131 Tenis Kul\u00fcb\u00fc \u00e7ok keyifli bir spor tesisi. Buraya geldi\u011fimizde ger\u00e7ekten hem spor yap\u0131yor hem de sosyalle\u015fiyoruz. Balon kortun da yap\u0131lmas\u0131yla art\u0131k y\u0131l\u0131n her mevsiminde tenis oynayabilece\u011fiz. Belediye Ba\u015fkan\u0131m\u0131z \u00d6mer G\u00fcnel\u2019e \u00e7ok te\u015fekk\u00fcr ederim&#8221; diye konu\u015ftu.<br \/><\/p>\n","protected":false},"excerpt":{"rendered":"<p>Ku\u015fadas\u0131 Belediyesi taraf\u0131ndan Ku\u015fadas\u0131 Tenis Kul\u00fcb\u00fc\u2019nde yap\u0131m\u0131 tamamlanan balon kort yo\u011fun ilgi g\u00f6rmeye ba\u015flad\u0131. Balon kortu kullanan sporseverler k\u0131\u015f aylar\u0131nda da olumsuz hava \u015fartlar\u0131ndan etkilenmeden rahat\u00e7a tenis oynayabiliyor. Ku\u015fadas\u0131 Tenis Kul\u00fcb\u00fc\u2019nde ge\u00e7ti\u011fimiz hafta kortlardan birinin \u00fczeri ve \u00e7evresi, Ku\u015fadas\u0131 Belediyesi taraf\u0131ndan \u2019balon\u2019 ad\u0131 verilen sistemle kapat\u0131ld\u0131. Kentte spor yap\u0131labilecek alternatif alanlar\u0131 \u00e7o\u011faltmak amac\u0131yla ger\u00e7ekle\u015ftirilen \u00e7al\u0131\u015fmada&#8230;<\/p>\n","protected":false},"author":1,"featured_media":76250,"comment_status":"open","ping_status":"open","sticky":false,"template":"","format":"standard","meta":{"_crdt_document":"","footnotes":""},"categories":[4],"tags":[],"class_list":["post-76249","post","type-post","status-publish","format-standard","has-post-thumbnail","hentry","category-spor"],"_links":{"self":[{"href":"https:\/\/www.egemtv.com\/index.php?rest_route=\/wp\/v2\/posts\/76249","targetHints":{"allow":["GET"]}}],"collection":[{"href":"https:\/\/www.egemtv.com\/index.php?rest_route=\/wp\/v2\/posts"}],"about":[{"href":"https:\/\/www.egemtv.com\/index.php?rest_route=\/wp\/v2\/types\/post"}],"author":[{"embeddable":true,"href":"https:\/\/www.egemtv.com\/index.php?rest_route=\/wp\/v2\/users\/1"}],"replies":[{"embeddable":true,"href":"https:\/\/www.egemtv.com\/index.php?rest_route=%2Fwp%2Fv2%2Fcomments&post=76249"}],"version-history":[{"count":1,"href":"https:\/\/www.egemtv.com\/index.php?rest_route=\/wp\/v2\/posts\/76249\/revisions"}],"predecessor-version":[{"id":76251,"href":"https:\/\/www.egemtv.com\/index.php?rest_route=\/wp\/v2\/posts\/76249\/revisions\/76251"}],"wp:featuredmedia":[{"embeddable":true,"href":"https:\/\/www.egemtv.com\/index.php?rest_route=\/wp\/v2\/media\/76250"}],"wp:attachment":[{"href":"https:\/\/www.egemtv.com\/index.php?rest_route=%2Fwp%2Fv2%2Fmedia&parent=76249"}],"wp:term":[{"taxonomy":"category","embeddable":true,"href":"https:\/\/www.egemtv.com\/index.php?rest_route=%2Fwp%2Fv2%2Fcategories&post=76249"},{"taxonomy":"post_tag","embeddable":true,"href":"https:\/\/www.egemtv.com\/index.php?rest_route=%2Fwp%2Fv2%2Ftags&post=76249"}],"curies":[{"name":"wp","href":"https:\/\/api.w.org\/{rel}","templated":true}]}}