{"id":76246,"date":"2025-12-24T10:14:55","date_gmt":"2025-12-24T07:14:55","guid":{"rendered":"https:\/\/www.egemtv.com\/?p=76246"},"modified":"2025-12-24T10:14:56","modified_gmt":"2025-12-24T07:14:56","slug":"pazarci-esnafina-corba-ikrami","status":"publish","type":"post","link":"https:\/\/www.egemtv.com\/?p=76246","title":{"rendered":"Pazarc\u0131 esnaf\u0131na \u00e7orba ikram\u0131"},"content":{"rendered":"<p>Afyonkarahisar\u2019\u0131n Dinar il\u00e7esinde pazarc\u0131 esnaf\u0131na y\u00f6nelik hay\u0131rsever vatanda\u015flar taraf\u0131ndan \u00e7orba ikram\u0131 yap\u0131ld\u0131.<br \/>\n<br \/>\u0130l\u00e7ede her hafta kullan\u0131lan semt pazar\u0131nda sabah erken saatlerde tezgah a\u00e7an esnaflara \u00e7orba ikram\u0131nda bulunuldu. \u00c7orba ikram\u0131n\u0131 bu ay gen\u00e7 ya\u015fta rahmetli olan \u0130lhan Celik\u2019in ailesi<br \/>\n<br \/>Kemal ve Beyhan \u00c7elik taraf\u0131ndan yap\u0131ld\u0131. Esnaflar ikramdan dolay\u0131 aile \u00fcyelerine te\u015fekk\u00fcr etti.<br \/><\/p>\n","protected":false},"excerpt":{"rendered":"<p>Afyonkarahisar\u2019\u0131n Dinar il\u00e7esinde pazarc\u0131 esnaf\u0131na y\u00f6nelik hay\u0131rsever vatanda\u015flar taraf\u0131ndan \u00e7orba ikram\u0131 yap\u0131ld\u0131. \u0130l\u00e7ede her hafta kullan\u0131lan semt pazar\u0131nda sabah erken saatlerde tezgah a\u00e7an esnaflara \u00e7orba ikram\u0131nda bulunuldu. \u00c7orba ikram\u0131n\u0131 bu ay gen\u00e7 ya\u015fta rahmetli olan \u0130lhan Celik\u2019in ailesi Kemal ve Beyhan \u00c7elik taraf\u0131ndan yap\u0131ld\u0131. Esnaflar ikramdan dolay\u0131 aile \u00fcyelerine te\u015fekk\u00fcr etti.<\/p>\n","protected":false},"author":1,"featured_media":76247,"comment_status":"open","ping_status":"open","sticky":false,"template":"","format":"standard","meta":{"_crdt_document":"","footnotes":""},"categories":[1],"tags":[],"class_list":["post-76246","post","type-post","status-publish","format-standard","has-post-thumbnail","hentry","category-guncel"],"_links":{"self":[{"href":"https:\/\/www.egemtv.com\/index.php?rest_route=\/wp\/v2\/posts\/76246","targetHints":{"allow":["GET"]}}],"collection":[{"href":"https:\/\/www.egemtv.com\/index.php?rest_route=\/wp\/v2\/posts"}],"about":[{"href":"https:\/\/www.egemtv.com\/index.php?rest_route=\/wp\/v2\/types\/post"}],"author":[{"embeddable":true,"href":"https:\/\/www.egemtv.com\/index.php?rest_route=\/wp\/v2\/users\/1"}],"replies":[{"embeddable":true,"href":"https:\/\/www.egemtv.com\/index.php?rest_route=%2Fwp%2Fv2%2Fcomments&post=76246"}],"version-history":[{"count":1,"href":"https:\/\/www.egemtv.com\/index.php?rest_route=\/wp\/v2\/posts\/76246\/revisions"}],"predecessor-version":[{"id":76248,"href":"https:\/\/www.egemtv.com\/index.php?rest_route=\/wp\/v2\/posts\/76246\/revisions\/76248"}],"wp:featuredmedia":[{"embeddable":true,"href":"https:\/\/www.egemtv.com\/index.php?rest_route=\/wp\/v2\/media\/76247"}],"wp:attachment":[{"href":"https:\/\/www.egemtv.com\/index.php?rest_route=%2Fwp%2Fv2%2Fmedia&parent=76246"}],"wp:term":[{"taxonomy":"category","embeddable":true,"href":"https:\/\/www.egemtv.com\/index.php?rest_route=%2Fwp%2Fv2%2Fcategories&post=76246"},{"taxonomy":"post_tag","embeddable":true,"href":"https:\/\/www.egemtv.com\/index.php?rest_route=%2Fwp%2Fv2%2Ftags&post=76246"}],"curies":[{"name":"wp","href":"https:\/\/api.w.org\/{rel}","templated":true}]}}