{"id":76240,"date":"2025-12-24T10:14:53","date_gmt":"2025-12-24T07:14:53","guid":{"rendered":"https:\/\/www.egemtv.com\/?p=76240"},"modified":"2025-12-24T10:14:54","modified_gmt":"2025-12-24T07:14:54","slug":"muglada-gencler-seramik-atolyesinde-hunerlerini-sergiledi","status":"publish","type":"post","link":"https:\/\/www.egemtv.com\/?p=76240","title":{"rendered":"Mu\u011fla\u2019da gen\u00e7ler seramik at\u00f6lyesinde h\u00fcnerlerini sergiledi"},"content":{"rendered":"<p>Mu\u011fla Gen\u00e7lik ve Spor \u0130l M\u00fcd\u00fcrl\u00fc\u011f\u00fc\u2019n\u00fcn &#8220;Renkli Rotam Fethiye&#8221; projesi kapsam\u0131nda d\u00fczenlenen seramik at\u00f6lyesinde, gen\u00e7ler ilk kez \u00e7amurla tan\u0131\u015farak hayallerini sanata d\u00f6n\u00fc\u015ft\u00fcrd\u00fc.<\/p>\n<p>Fethiye Gen\u00e7lik Merkezi taraf\u0131ndan y\u00fcr\u00fct\u00fclen ve gen\u00e7lerin ki\u015fisel geli\u015fimine b\u00fcy\u00fck katk\u0131 sa\u011flayan &#8220;Renkli Rotam Fethiye&#8221; projesi, ikinci etab\u0131yla sanat dolu anlara sahne oldu. Proje \u00e7er\u00e7evesinde Mu\u011fla Uluslararas\u0131 Gen\u00e7lik Merkezi\u2019nde bir araya gelen gen\u00e7ler, d\u00fczenlenen seramik at\u00f6lyesi ile el sanatlar\u0131n\u0131n d\u00fcnyas\u0131na ad\u0131m att\u0131.<\/p>\n<p>At\u00f6lyeye kat\u0131lan gen\u00e7lerin b\u00fcy\u00fck bir b\u00f6l\u00fcm\u00fc hayatlar\u0131nda ilk kez profesyonel anlamda \u00e7amurla \u00e7al\u0131\u015fma deneyimi ya\u015fad\u0131. Uzman e\u011fitmenlerin rehberli\u011finde tezgah ba\u015f\u0131na ge\u00e7en gen\u00e7ler; hayal g\u00fc\u00e7lerini, duygu ve d\u00fc\u015f\u00fcncelerini \u00e7amura \u015fekil vererek yans\u0131tt\u0131. Her kat\u0131l\u0131mc\u0131n\u0131n kendi karakterini ve tarz\u0131n\u0131 yans\u0131tan \u00f6zg\u00fcn objeler tasarlad\u0131\u011f\u0131 etkinlikte, ortaya birbirinden renkli eserler \u00e7\u0131kt\u0131.<\/p>\n<p>Fethiye Gen\u00e7lik Merkezi yetkilileri, projenin ba\u015far\u0131s\u0131ndan duyduklar\u0131 memnuniyeti dile getirerek; &#8220;\u2018Renkli Rotam Fethiye\u2019 projemiz ile gen\u00e7lerimizin sosyal, k\u00fclt\u00fcrel ve sanatsal geli\u015fimlerini desteklemeyi hedefliyoruz. Bu at\u00f6lyelerle onlar\u0131n i\u00e7indeki cevheri ortaya \u00e7\u0131karmaya \u00e7al\u0131\u015f\u0131yoruz. Gen\u00e7lerimizi \u00fcretim odakl\u0131 faaliyetlerle bulu\u015fturmaya ve projemizin farkl\u0131 etaplar\u0131yla yeni rotalar \u00e7izmeye devam edece\u011fiz&#8221; ifadesi kullan\u0131ld\u0131.<br \/><\/p>\n","protected":false},"excerpt":{"rendered":"<p>Mu\u011fla Gen\u00e7lik ve Spor \u0130l M\u00fcd\u00fcrl\u00fc\u011f\u00fc\u2019n\u00fcn &#8220;Renkli Rotam Fethiye&#8221; projesi kapsam\u0131nda d\u00fczenlenen seramik at\u00f6lyesinde, gen\u00e7ler ilk kez \u00e7amurla tan\u0131\u015farak hayallerini sanata d\u00f6n\u00fc\u015ft\u00fcrd\u00fc. Fethiye Gen\u00e7lik Merkezi taraf\u0131ndan y\u00fcr\u00fct\u00fclen ve gen\u00e7lerin ki\u015fisel geli\u015fimine b\u00fcy\u00fck katk\u0131 sa\u011flayan &#8220;Renkli Rotam Fethiye&#8221; projesi, ikinci etab\u0131yla sanat dolu anlara sahne oldu. Proje \u00e7er\u00e7evesinde Mu\u011fla Uluslararas\u0131 Gen\u00e7lik Merkezi\u2019nde bir araya gelen gen\u00e7ler,&#8230;<\/p>\n","protected":false},"author":1,"featured_media":76241,"comment_status":"open","ping_status":"open","sticky":false,"template":"","format":"standard","meta":{"_crdt_document":"","footnotes":""},"categories":[1],"tags":[],"class_list":["post-76240","post","type-post","status-publish","format-standard","has-post-thumbnail","hentry","category-guncel"],"_links":{"self":[{"href":"https:\/\/www.egemtv.com\/index.php?rest_route=\/wp\/v2\/posts\/76240","targetHints":{"allow":["GET"]}}],"collection":[{"href":"https:\/\/www.egemtv.com\/index.php?rest_route=\/wp\/v2\/posts"}],"about":[{"href":"https:\/\/www.egemtv.com\/index.php?rest_route=\/wp\/v2\/types\/post"}],"author":[{"embeddable":true,"href":"https:\/\/www.egemtv.com\/index.php?rest_route=\/wp\/v2\/users\/1"}],"replies":[{"embeddable":true,"href":"https:\/\/www.egemtv.com\/index.php?rest_route=%2Fwp%2Fv2%2Fcomments&post=76240"}],"version-history":[{"count":1,"href":"https:\/\/www.egemtv.com\/index.php?rest_route=\/wp\/v2\/posts\/76240\/revisions"}],"predecessor-version":[{"id":76242,"href":"https:\/\/www.egemtv.com\/index.php?rest_route=\/wp\/v2\/posts\/76240\/revisions\/76242"}],"wp:featuredmedia":[{"embeddable":true,"href":"https:\/\/www.egemtv.com\/index.php?rest_route=\/wp\/v2\/media\/76241"}],"wp:attachment":[{"href":"https:\/\/www.egemtv.com\/index.php?rest_route=%2Fwp%2Fv2%2Fmedia&parent=76240"}],"wp:term":[{"taxonomy":"category","embeddable":true,"href":"https:\/\/www.egemtv.com\/index.php?rest_route=%2Fwp%2Fv2%2Fcategories&post=76240"},{"taxonomy":"post_tag","embeddable":true,"href":"https:\/\/www.egemtv.com\/index.php?rest_route=%2Fwp%2Fv2%2Ftags&post=76240"}],"curies":[{"name":"wp","href":"https:\/\/api.w.org\/{rel}","templated":true}]}}