{"id":76237,"date":"2025-12-24T10:14:52","date_gmt":"2025-12-24T07:14:52","guid":{"rendered":"https:\/\/www.egemtv.com\/?p=76237"},"modified":"2025-12-24T10:14:53","modified_gmt":"2025-12-24T07:14:53","slug":"burdurda-2025te-bin-284-litre-kacak-ve-sahte-alkol-ele-gecirildi","status":"publish","type":"post","link":"https:\/\/www.egemtv.com\/?p=76237","title":{"rendered":"Burdur\u2019da 2025\u2019te bin 284 litre ka\u00e7ak ve sahte alkol ele ge\u00e7irildi"},"content":{"rendered":"<p>Burdur\u2019da 11 ayda ger\u00e7ekle\u015ftirilen operasyonlarda bin 284,5 litre ka\u00e7ak\/sahte alkol ele ge\u00e7irilirken, 56 \u015f\u00fcpheli hakk\u0131nda adli i\u015flem yap\u0131ld\u0131.<br \/>\n<br \/>Edinilen bilgiye g\u00f6re, Burdur Cumhuriyet Ba\u015fsavc\u0131l\u0131\u011f\u0131 koordinesinde, \u0130l Emniyet M\u00fcd\u00fcrl\u00fc\u011f\u00fc Ka\u00e7ak\u00e7\u0131l\u0131k ve Organize Su\u00e7larla M\u00fccadele \u015eube M\u00fcd\u00fcrl\u00fc\u011f\u00fc ekipleri ka\u00e7ak ve sahte i\u00e7kiyle m\u00fccadeleye y\u00f6nelik bu y\u0131l\u0131n 11 ay\u0131nda d\u00fczenledi\u011fi operasyonlarda, \u015f\u00fcphelilere ait ara\u00e7, ikamet ve i\u015f yerlerinde aramalar ger\u00e7ekle\u015ftirdi. Yap\u0131lan aramalarda; bin 177,5 litre etil alkol, 107 litre sahte\/el yap\u0131m\u0131 alkol olmak \u00fczere toplam bin 284,5 litre ka\u00e7ak\/sahte alkol ele ge\u00e7irildi. Ka\u00e7ak\u00e7\u0131l\u0131kla m\u00fccadele kanuna muhalefetten ise 56 \u015f\u00fcpheli hakk\u0131nda adli i\u015flem yap\u0131ld\u0131.<br \/><\/p>\n","protected":false},"excerpt":{"rendered":"<p>Burdur\u2019da 11 ayda ger\u00e7ekle\u015ftirilen operasyonlarda bin 284,5 litre ka\u00e7ak\/sahte alkol ele ge\u00e7irilirken, 56 \u015f\u00fcpheli hakk\u0131nda adli i\u015flem yap\u0131ld\u0131. Edinilen bilgiye g\u00f6re, Burdur Cumhuriyet Ba\u015fsavc\u0131l\u0131\u011f\u0131 koordinesinde, \u0130l Emniyet M\u00fcd\u00fcrl\u00fc\u011f\u00fc Ka\u00e7ak\u00e7\u0131l\u0131k ve Organize Su\u00e7larla M\u00fccadele \u015eube M\u00fcd\u00fcrl\u00fc\u011f\u00fc ekipleri ka\u00e7ak ve sahte i\u00e7kiyle m\u00fccadeleye y\u00f6nelik bu y\u0131l\u0131n 11 ay\u0131nda d\u00fczenledi\u011fi operasyonlarda, \u015f\u00fcphelilere ait ara\u00e7, ikamet ve i\u015f yerlerinde&#8230;<\/p>\n","protected":false},"author":1,"featured_media":76238,"comment_status":"open","ping_status":"open","sticky":false,"template":"","format":"standard","meta":{"_crdt_document":"","footnotes":""},"categories":[5],"tags":[],"class_list":["post-76237","post","type-post","status-publish","format-standard","has-post-thumbnail","hentry","category-asayis"],"_links":{"self":[{"href":"https:\/\/www.egemtv.com\/index.php?rest_route=\/wp\/v2\/posts\/76237","targetHints":{"allow":["GET"]}}],"collection":[{"href":"https:\/\/www.egemtv.com\/index.php?rest_route=\/wp\/v2\/posts"}],"about":[{"href":"https:\/\/www.egemtv.com\/index.php?rest_route=\/wp\/v2\/types\/post"}],"author":[{"embeddable":true,"href":"https:\/\/www.egemtv.com\/index.php?rest_route=\/wp\/v2\/users\/1"}],"replies":[{"embeddable":true,"href":"https:\/\/www.egemtv.com\/index.php?rest_route=%2Fwp%2Fv2%2Fcomments&post=76237"}],"version-history":[{"count":1,"href":"https:\/\/www.egemtv.com\/index.php?rest_route=\/wp\/v2\/posts\/76237\/revisions"}],"predecessor-version":[{"id":76239,"href":"https:\/\/www.egemtv.com\/index.php?rest_route=\/wp\/v2\/posts\/76237\/revisions\/76239"}],"wp:featuredmedia":[{"embeddable":true,"href":"https:\/\/www.egemtv.com\/index.php?rest_route=\/wp\/v2\/media\/76238"}],"wp:attachment":[{"href":"https:\/\/www.egemtv.com\/index.php?rest_route=%2Fwp%2Fv2%2Fmedia&parent=76237"}],"wp:term":[{"taxonomy":"category","embeddable":true,"href":"https:\/\/www.egemtv.com\/index.php?rest_route=%2Fwp%2Fv2%2Fcategories&post=76237"},{"taxonomy":"post_tag","embeddable":true,"href":"https:\/\/www.egemtv.com\/index.php?rest_route=%2Fwp%2Fv2%2Ftags&post=76237"}],"curies":[{"name":"wp","href":"https:\/\/api.w.org\/{rel}","templated":true}]}}