{"id":76234,"date":"2025-12-24T10:14:51","date_gmt":"2025-12-24T07:14:51","guid":{"rendered":"https:\/\/www.egemtv.com\/?p=76234"},"modified":"2025-12-24T10:14:52","modified_gmt":"2025-12-24T07:14:52","slug":"dinarda-ogrenci-servis-araclarina-yonelik-denetim","status":"publish","type":"post","link":"https:\/\/www.egemtv.com\/?p=76234","title":{"rendered":"Dinar\u2019da \u00f6\u011frenci servis ara\u00e7lar\u0131na y\u00f6nelik denetim"},"content":{"rendered":"<p>Afyonkarahisar\u2019\u0131n Dinar il\u00e7esinde \u00f6\u011frenci servis ara\u00e7lar\u0131na y\u00f6nelik denetim ger\u00e7ekle\u015ftirildi.<br \/>\n<br \/>Dinar ilcesinde ta\u015f\u0131mal\u0131 e\u011fitim \u00e7er\u00e7evesinde \u00f6\u011frenci ta\u015f\u0131mac\u0131l\u0131\u011f\u0131 yapan servis ara\u00e7lar\u0131na y\u00f6nelik denetimler ger\u00e7ekle\u015ftirildi. \u0130l\u00e7e Milli E\u011fitim M\u00fcd\u00fcrl\u00fc\u011f\u00fc koordinesinde, \u0130l\u00e7e Trafik \u015eube M\u00fcd\u00fcrl\u00fc\u011f\u00fc ekiplerinin kat\u0131l\u0131m\u0131yla yap\u0131lan denetimlerde \u00f6\u011frenci g\u00fcvenli\u011fi \u00f6n planda tutuldu.<br \/>\n<br \/>Denetimler s\u0131ras\u0131nda servis ara\u00e7lar\u0131n\u0131n evraklar\u0131, teknik yeterlilikleri, emniyet kemerleri, ara\u00e7 i\u00e7i d\u00fczenlemeleri ve ta\u015f\u0131ma \u015fartlar\u0131 kontrol edildi. \u00d6\u011frencilerin g\u00fcvenli, sa\u011fl\u0131kl\u0131 ve zaman\u0131nda okullar\u0131na ula\u015f\u0131mlar\u0131n\u0131n sa\u011flanmas\u0131n\u0131n \u00f6nemine dikkat \u00e7ekilirken, servis \u015fof\u00f6rleri ve firma yetkililerine y\u00fcr\u00fcrl\u00fckteki mevzuat hakk\u0131nda bilgilendirme yap\u0131ld\u0131.<br \/><\/p>\n","protected":false},"excerpt":{"rendered":"<p>Afyonkarahisar\u2019\u0131n Dinar il\u00e7esinde \u00f6\u011frenci servis ara\u00e7lar\u0131na y\u00f6nelik denetim ger\u00e7ekle\u015ftirildi. Dinar ilcesinde ta\u015f\u0131mal\u0131 e\u011fitim \u00e7er\u00e7evesinde \u00f6\u011frenci ta\u015f\u0131mac\u0131l\u0131\u011f\u0131 yapan servis ara\u00e7lar\u0131na y\u00f6nelik denetimler ger\u00e7ekle\u015ftirildi. \u0130l\u00e7e Milli E\u011fitim M\u00fcd\u00fcrl\u00fc\u011f\u00fc koordinesinde, \u0130l\u00e7e Trafik \u015eube M\u00fcd\u00fcrl\u00fc\u011f\u00fc ekiplerinin kat\u0131l\u0131m\u0131yla yap\u0131lan denetimlerde \u00f6\u011frenci g\u00fcvenli\u011fi \u00f6n planda tutuldu. Denetimler s\u0131ras\u0131nda servis ara\u00e7lar\u0131n\u0131n evraklar\u0131, teknik yeterlilikleri, emniyet kemerleri, ara\u00e7 i\u00e7i d\u00fczenlemeleri ve ta\u015f\u0131ma \u015fartlar\u0131&#8230;<\/p>\n","protected":false},"author":1,"featured_media":76235,"comment_status":"open","ping_status":"open","sticky":false,"template":"","format":"standard","meta":{"_crdt_document":"","footnotes":""},"categories":[5],"tags":[],"class_list":["post-76234","post","type-post","status-publish","format-standard","has-post-thumbnail","hentry","category-asayis"],"_links":{"self":[{"href":"https:\/\/www.egemtv.com\/index.php?rest_route=\/wp\/v2\/posts\/76234","targetHints":{"allow":["GET"]}}],"collection":[{"href":"https:\/\/www.egemtv.com\/index.php?rest_route=\/wp\/v2\/posts"}],"about":[{"href":"https:\/\/www.egemtv.com\/index.php?rest_route=\/wp\/v2\/types\/post"}],"author":[{"embeddable":true,"href":"https:\/\/www.egemtv.com\/index.php?rest_route=\/wp\/v2\/users\/1"}],"replies":[{"embeddable":true,"href":"https:\/\/www.egemtv.com\/index.php?rest_route=%2Fwp%2Fv2%2Fcomments&post=76234"}],"version-history":[{"count":1,"href":"https:\/\/www.egemtv.com\/index.php?rest_route=\/wp\/v2\/posts\/76234\/revisions"}],"predecessor-version":[{"id":76236,"href":"https:\/\/www.egemtv.com\/index.php?rest_route=\/wp\/v2\/posts\/76234\/revisions\/76236"}],"wp:featuredmedia":[{"embeddable":true,"href":"https:\/\/www.egemtv.com\/index.php?rest_route=\/wp\/v2\/media\/76235"}],"wp:attachment":[{"href":"https:\/\/www.egemtv.com\/index.php?rest_route=%2Fwp%2Fv2%2Fmedia&parent=76234"}],"wp:term":[{"taxonomy":"category","embeddable":true,"href":"https:\/\/www.egemtv.com\/index.php?rest_route=%2Fwp%2Fv2%2Fcategories&post=76234"},{"taxonomy":"post_tag","embeddable":true,"href":"https:\/\/www.egemtv.com\/index.php?rest_route=%2Fwp%2Fv2%2Ftags&post=76234"}],"curies":[{"name":"wp","href":"https:\/\/api.w.org\/{rel}","templated":true}]}}