{"id":76231,"date":"2025-12-24T09:55:00","date_gmt":"2025-12-24T06:55:00","guid":{"rendered":"https:\/\/www.egemtv.com\/?p=76231"},"modified":"2025-12-24T09:55:00","modified_gmt":"2025-12-24T06:55:00","slug":"dpude-sanal-riskler-ve-akran-zorbaligi-ile-mucadele-ele-alindi","status":"publish","type":"post","link":"https:\/\/www.egemtv.com\/?p=76231","title":{"rendered":"DP\u00dc\u2019de sanal riskler ve akran zorbal\u0131\u011f\u0131 ile m\u00fccadele ele al\u0131nd\u0131"},"content":{"rendered":"<p>K\u00fctahya Dumlup\u0131nar \u00dcniversitesi E\u011fitim Fak\u00fcltesinde, Polis Memuru Burak Akdo\u011fan\u2019\u0131n konu\u015fmac\u0131 olarak kat\u0131ld\u0131\u011f\u0131 \u2019Gelece\u011fine Bahis Yapma: Sanal Riskler ve Akran Zorbal\u0131\u011f\u0131 ile M\u00fccadele\u2019 ba\u015fl\u0131kl\u0131 konferans d\u00fczenlendi.<br \/>\n<br \/>Mehmet Akif Ersoy Konferans Salonu\u2019nda, Dumlup\u0131nar \u00dcniversitesi E\u011fitim Fak\u00fcltesi taraf\u0131ndan d\u00fczenlenen konferansa akademik ve idari personel ile \u00f6\u011frenciler kat\u0131ld\u0131. Sayg\u0131 duru\u015fu ve \u0130stiklal Mar\u015f\u0131n\u0131n okunmas\u0131yla ile ba\u015flayan etkinlikte dijital \u00e7a\u011fda gen\u00e7lerin kar\u015f\u0131 kar\u015f\u0131ya kald\u0131\u011f\u0131 riskler ele al\u0131nd\u0131.<br \/>\n<br \/>Konferans\u0131n devam\u0131nda Polis Memuru Burak Akdo\u011fan, sanal riskler, siber zorbal\u0131k, akran zorbal\u0131\u011f\u0131, dijital g\u00fcvenlik, bilin\u00e7li internet kullan\u0131m\u0131 ve bu alanlarda kar\u015f\u0131la\u015f\u0131labilecek hukuki sonu\u00e7lar hakk\u0131nda bilgilendirmelerde bulundu.<br \/>\n<br \/>Etkinlik, soru-cevap b\u00f6l\u00fcm\u00fcn\u00fcn ard\u0131ndan Burak Akdo\u011fana te\u015fekk\u00fcr belgesi verilmesiyle sona erdi.<br \/><\/p>\n","protected":false},"excerpt":{"rendered":"<p>K\u00fctahya Dumlup\u0131nar \u00dcniversitesi E\u011fitim Fak\u00fcltesinde, Polis Memuru Burak Akdo\u011fan\u2019\u0131n konu\u015fmac\u0131 olarak kat\u0131ld\u0131\u011f\u0131 \u2019Gelece\u011fine Bahis Yapma: Sanal Riskler ve Akran Zorbal\u0131\u011f\u0131 ile M\u00fccadele\u2019 ba\u015fl\u0131kl\u0131 konferans d\u00fczenlendi. Mehmet Akif Ersoy Konferans Salonu\u2019nda, Dumlup\u0131nar \u00dcniversitesi E\u011fitim Fak\u00fcltesi taraf\u0131ndan d\u00fczenlenen konferansa akademik ve idari personel ile \u00f6\u011frenciler kat\u0131ld\u0131. Sayg\u0131 duru\u015fu ve \u0130stiklal Mar\u015f\u0131n\u0131n okunmas\u0131yla ile ba\u015flayan etkinlikte dijital \u00e7a\u011fda&#8230;<\/p>\n","protected":false},"author":1,"featured_media":76232,"comment_status":"open","ping_status":"open","sticky":false,"template":"","format":"standard","meta":{"_crdt_document":"","footnotes":""},"categories":[1],"tags":[],"class_list":["post-76231","post","type-post","status-publish","format-standard","has-post-thumbnail","hentry","category-guncel"],"_links":{"self":[{"href":"https:\/\/www.egemtv.com\/index.php?rest_route=\/wp\/v2\/posts\/76231","targetHints":{"allow":["GET"]}}],"collection":[{"href":"https:\/\/www.egemtv.com\/index.php?rest_route=\/wp\/v2\/posts"}],"about":[{"href":"https:\/\/www.egemtv.com\/index.php?rest_route=\/wp\/v2\/types\/post"}],"author":[{"embeddable":true,"href":"https:\/\/www.egemtv.com\/index.php?rest_route=\/wp\/v2\/users\/1"}],"replies":[{"embeddable":true,"href":"https:\/\/www.egemtv.com\/index.php?rest_route=%2Fwp%2Fv2%2Fcomments&post=76231"}],"version-history":[{"count":1,"href":"https:\/\/www.egemtv.com\/index.php?rest_route=\/wp\/v2\/posts\/76231\/revisions"}],"predecessor-version":[{"id":76233,"href":"https:\/\/www.egemtv.com\/index.php?rest_route=\/wp\/v2\/posts\/76231\/revisions\/76233"}],"wp:featuredmedia":[{"embeddable":true,"href":"https:\/\/www.egemtv.com\/index.php?rest_route=\/wp\/v2\/media\/76232"}],"wp:attachment":[{"href":"https:\/\/www.egemtv.com\/index.php?rest_route=%2Fwp%2Fv2%2Fmedia&parent=76231"}],"wp:term":[{"taxonomy":"category","embeddable":true,"href":"https:\/\/www.egemtv.com\/index.php?rest_route=%2Fwp%2Fv2%2Fcategories&post=76231"},{"taxonomy":"post_tag","embeddable":true,"href":"https:\/\/www.egemtv.com\/index.php?rest_route=%2Fwp%2Fv2%2Ftags&post=76231"}],"curies":[{"name":"wp","href":"https:\/\/api.w.org\/{rel}","templated":true}]}}