{"id":76228,"date":"2025-12-24T09:54:59","date_gmt":"2025-12-24T06:54:59","guid":{"rendered":"https:\/\/www.egemtv.com\/?p=76228"},"modified":"2025-12-24T09:54:59","modified_gmt":"2025-12-24T06:54:59","slug":"gunesli-kentten-avrupa-kayak-pistlerine","status":"publish","type":"post","link":"https:\/\/www.egemtv.com\/?p=76228","title":{"rendered":"G\u00fcne\u015fli kentten Avrupa kayak pistlerine"},"content":{"rendered":"<p>Ya\u015far \u00dcniversitesi \u00f6\u011frencisi ve milli sporcu Lal \u00d6ktem, Avrupa \u00dcniversiteler K\u0131\u015f \u015eampiyonas\u0131\u2019nda Alp Disiplini yar\u0131\u015flar\u0131nda \u00fcniversitesini ba\u015far\u0131yla temsil etti.<br \/>\n<br \/>\u0130talya\u2019n\u0131n Val di Zoldo kentinde d\u00fczenlenen Avrupa \u00dcniversiteler K\u0131\u015f \u015eampiyonas\u0131, kayak alp disiplini, snowboard ve kar voleybolu bran\u015flar\u0131nda ger\u00e7ekle\u015ftirilen yar\u0131\u015flar\u0131n ard\u0131ndan kapan\u0131\u015f t\u00f6reniyle sona erdi. 16 Avrupa \u00fclkesinden 57 \u00fcniversiteyi ve 300\u2019\u00fcn \u00fczerinde kat\u0131l\u0131mc\u0131y\u0131 bir araya getiren organizasyonda, Ya\u015far \u00dcniversitesi de uluslararas\u0131 d\u00fczeyde ilk kez temsil edildi. Ya\u015far \u00dcniversitesi \u00f6\u011frencisi ve milli sporcu Lal \u00d6ktem, kayak alp disiplini bran\u015f\u0131nda b\u00fcy\u00fck slalom ve slalom yar\u0131\u015flar\u0131nda piste \u00e7\u0131kt\u0131. K\u0131\u015f sporlar\u0131na uzak bir \u015fehirde yeti\u015fmesine ra\u011fmen disiplinli \u00e7al\u0131\u015fmas\u0131 ve istikrarl\u0131 performans\u0131yla dikkat \u00e7eken gen\u00e7 sporcu, Val di Zoldo\u2019daki yar\u0131\u015flarda \u00fcniversitesini ve \u00fclkemizi ba\u015far\u0131yla temsil etti.<\/p>\n<p>&#8220;Unutamayaca\u011f\u0131m bir deneyim ya\u015fad\u0131m&#8221;<br \/>\n<br \/>Avrupa \u00dcniversiteler Spor Birli\u011fi (EUSA) taraf\u0131ndan d\u00fczenlenen organizasyona ili\u015fkin de\u011ferlendirmelerde bulunan Lal \u00d6ktem, yar\u0131\u015flar\u0131n hem sportif hem de ki\u015fisel geli\u015fimi a\u00e7\u0131s\u0131ndan b\u00fcy\u00fck katk\u0131 sa\u011flad\u0131\u011f\u0131n\u0131 belirterek \u015funlar\u0131 s\u00f6yledi: &#8220;Antrenmanlar olduk\u00e7a disiplinli ve planl\u0131yd\u0131. Farkl\u0131 \u00fclkelerden \u00fcniversite \u00f6\u011frencisi sporcularla ayn\u0131 ortamda bulunmak benim i\u00e7in \u00e7ok iyi bir deneyim oldu. Bu organizasyon, milli sporcu kimli\u011fim ve \u00fcniversitem ad\u0131na \u00f6nemli bir uluslararas\u0131 yar\u0131\u015fma f\u0131rsat\u0131 sundu. Motivasyonumu ve hedeflerimi daha da g\u00fc\u00e7lendirdi. \u00dcniversiteme bana bu imkan\u0131 sundu\u011fu i\u00e7in te\u015fekk\u00fcr ederim. Unutamayaca\u011f\u0131m bir deneyim ya\u015fad\u0131m.&#8221;<\/p>\n<p>Uluslararas\u0131 \u00f6nemli bir ad\u0131m<br \/>\n<br \/>Ya\u015far \u00dcniversitesi, Avrupa \u00dcniversiteler K\u0131\u015f \u015eampiyonas\u0131\u2019na ilk kez kat\u0131larak k\u0131\u015f sporlar\u0131 alan\u0131ndaki uluslararas\u0131 g\u00f6r\u00fcn\u00fcrl\u00fc\u011f\u00fcn\u00fc art\u0131r\u0131rken, bu organizasyon \u00fcniversite ad\u0131na gelecekteki uluslararas\u0131 spor etkinliklerine kat\u0131l\u0131m a\u00e7\u0131s\u0131ndan da \u00f6nemli bir deneyim ve motivasyon kayna\u011f\u0131 oldu.<br \/><\/p>\n","protected":false},"excerpt":{"rendered":"<p>Ya\u015far \u00dcniversitesi \u00f6\u011frencisi ve milli sporcu Lal \u00d6ktem, Avrupa \u00dcniversiteler K\u0131\u015f \u015eampiyonas\u0131\u2019nda Alp Disiplini yar\u0131\u015flar\u0131nda \u00fcniversitesini ba\u015far\u0131yla temsil etti. \u0130talya\u2019n\u0131n Val di Zoldo kentinde d\u00fczenlenen Avrupa \u00dcniversiteler K\u0131\u015f \u015eampiyonas\u0131, kayak alp disiplini, snowboard ve kar voleybolu bran\u015flar\u0131nda ger\u00e7ekle\u015ftirilen yar\u0131\u015flar\u0131n ard\u0131ndan kapan\u0131\u015f t\u00f6reniyle sona erdi. 16 Avrupa \u00fclkesinden 57 \u00fcniversiteyi ve 300\u2019\u00fcn \u00fczerinde kat\u0131l\u0131mc\u0131y\u0131 bir araya&#8230;<\/p>\n","protected":false},"author":1,"featured_media":76229,"comment_status":"open","ping_status":"open","sticky":false,"template":"","format":"standard","meta":{"_crdt_document":"","footnotes":""},"categories":[4],"tags":[],"class_list":["post-76228","post","type-post","status-publish","format-standard","has-post-thumbnail","hentry","category-spor"],"_links":{"self":[{"href":"https:\/\/www.egemtv.com\/index.php?rest_route=\/wp\/v2\/posts\/76228","targetHints":{"allow":["GET"]}}],"collection":[{"href":"https:\/\/www.egemtv.com\/index.php?rest_route=\/wp\/v2\/posts"}],"about":[{"href":"https:\/\/www.egemtv.com\/index.php?rest_route=\/wp\/v2\/types\/post"}],"author":[{"embeddable":true,"href":"https:\/\/www.egemtv.com\/index.php?rest_route=\/wp\/v2\/users\/1"}],"replies":[{"embeddable":true,"href":"https:\/\/www.egemtv.com\/index.php?rest_route=%2Fwp%2Fv2%2Fcomments&post=76228"}],"version-history":[{"count":1,"href":"https:\/\/www.egemtv.com\/index.php?rest_route=\/wp\/v2\/posts\/76228\/revisions"}],"predecessor-version":[{"id":76230,"href":"https:\/\/www.egemtv.com\/index.php?rest_route=\/wp\/v2\/posts\/76228\/revisions\/76230"}],"wp:featuredmedia":[{"embeddable":true,"href":"https:\/\/www.egemtv.com\/index.php?rest_route=\/wp\/v2\/media\/76229"}],"wp:attachment":[{"href":"https:\/\/www.egemtv.com\/index.php?rest_route=%2Fwp%2Fv2%2Fmedia&parent=76228"}],"wp:term":[{"taxonomy":"category","embeddable":true,"href":"https:\/\/www.egemtv.com\/index.php?rest_route=%2Fwp%2Fv2%2Fcategories&post=76228"},{"taxonomy":"post_tag","embeddable":true,"href":"https:\/\/www.egemtv.com\/index.php?rest_route=%2Fwp%2Fv2%2Ftags&post=76228"}],"curies":[{"name":"wp","href":"https:\/\/api.w.org\/{rel}","templated":true}]}}