{"id":76225,"date":"2025-12-24T09:54:58","date_gmt":"2025-12-24T06:54:58","guid":{"rendered":"https:\/\/www.egemtv.com\/?p=76225"},"modified":"2025-12-24T09:54:59","modified_gmt":"2025-12-24T06:54:59","slug":"afyonda-gelisim-ligi-macina-verilen-saha-tepkilere-neden-oldu","status":"publish","type":"post","link":"https:\/\/www.egemtv.com\/?p=76225","title":{"rendered":"Afyon\u2019da Geli\u015fim Ligi ma\u00e7\u0131na verilen saha tepkilere neden oldu"},"content":{"rendered":"<p>TFF U14, U15 Geli\u015fim Liginde Afyonkarahisar Anadolu G\u00fcc\u00fc Spor ile Denizli \u0130dmanyurdu tak\u0131mlar\u0131 Kocatepe Spor Kompleksi D-1 sahas\u0131nda kar\u015f\u0131la\u015ft\u0131. Misafir Denizli \u0130dmanyurdu, ma\u00e7 oynanan sahaya tepki g\u00f6sterdi.<\/p>\n<p>TFF U14 &#8211; U15 Geli\u015fim Ligi13. Grup 15. Haftas\u0131nda 21 Aral\u0131k 2025 tarihinde, Afyonkarahisar Anadolu G\u00fcc\u00fc Spor tak\u0131mlar\u0131 ile Denizli \u0130dmanyurdu tak\u0131mlar\u0131; ev sahibi tak\u0131m\u0131n s\u00fcrekli antrenman yapt\u0131\u011f\u0131, soyunma odas\u0131 olmayan, toprak zemini futbol oynamaya elveri\u015fli olmayan, saha \u00e7izgilerinin belli olmad\u0131\u011f\u0131, kale direklerinin uygun \u015fekilde bulunmad\u0131\u011f\u0131, insanlar\u0131n zorunlu ihtiya\u00e7lar\u0131n\u0131 tesislerin 7-8 dakika y\u00fcr\u00fcme mesafesinde bulundu\u011fu Kocatepe Spor Kompleksi D-1 sahas\u0131nda kar\u015f\u0131la\u015ft\u0131.<br \/>\n<br \/>M\u00fcsabakalar sonunda Denizli \u0130dmanyurdu Rakibini U14 ya\u015f grubunda 3-1, U15 ya\u015f grubunda 5-1 ma\u011flup ederek haftay\u0131 3 puan ile kapad\u0131.<\/p>\n<p>Konu ile ilgili olarak a\u00e7\u0131klamalarda bulunan Denizli \u0130dmanyurdu y\u00f6neticileri, ma\u00e7\u0131n oynand\u0131\u011f\u0131 saha se\u00e7imine &#8220;\u00c7ocuklar 13, 14 ya\u015f\u0131nda tesiste soyunma odas\u0131 yok. Mevsim k\u0131\u015f soyunma odas\u0131 diye bize g\u00f6sterilen yer ma\u00e7 oynanacak sahaya en az 10 dakika y\u00fcr\u00fcme mesafesinde. Bu \u00e7ocuklar k\u0131\u015f g\u00fcn\u00fc devre aras\u0131nda ne yapacaklar. Acil insani tuvalet ihtiyac\u0131 gibi ihtiya\u00e7lar\u0131n\u0131 nas\u0131l kar\u015f\u0131layacaklar. Spor kompleksinde bulunan sahalar i\u00e7inde neden en k\u00f6t\u00fc saha \u00fcst lig olan geli\u015fim ligi ma\u00e7lar\u0131na verildi. Ayn\u0131 saatte oynanan Afyon yerel lig ma\u00e7lar\u0131 soyunma odas\u0131 olan zemini d\u00fczg\u00fcn olan sahalara verilirken neden bu ma\u00e7lar en k\u00f6t\u00fc saha ve zemine verildi. Bunu ara\u015ft\u0131rmak sorgulamak gerek&#8221; ifadeleriyle tepki g\u00f6sterdi.<br \/><\/p>\n","protected":false},"excerpt":{"rendered":"<p>TFF U14, U15 Geli\u015fim Liginde Afyonkarahisar Anadolu G\u00fcc\u00fc Spor ile Denizli \u0130dmanyurdu tak\u0131mlar\u0131 Kocatepe Spor Kompleksi D-1 sahas\u0131nda kar\u015f\u0131la\u015ft\u0131. Misafir Denizli \u0130dmanyurdu, ma\u00e7 oynanan sahaya tepki g\u00f6sterdi. TFF U14 &#8211; U15 Geli\u015fim Ligi13. Grup 15. Haftas\u0131nda 21 Aral\u0131k 2025 tarihinde, Afyonkarahisar Anadolu G\u00fcc\u00fc Spor tak\u0131mlar\u0131 ile Denizli \u0130dmanyurdu tak\u0131mlar\u0131; ev sahibi tak\u0131m\u0131n s\u00fcrekli antrenman yapt\u0131\u011f\u0131,&#8230;<\/p>\n","protected":false},"author":1,"featured_media":76226,"comment_status":"open","ping_status":"open","sticky":false,"template":"","format":"standard","meta":{"_crdt_document":"","footnotes":""},"categories":[4],"tags":[],"class_list":["post-76225","post","type-post","status-publish","format-standard","has-post-thumbnail","hentry","category-spor"],"_links":{"self":[{"href":"https:\/\/www.egemtv.com\/index.php?rest_route=\/wp\/v2\/posts\/76225","targetHints":{"allow":["GET"]}}],"collection":[{"href":"https:\/\/www.egemtv.com\/index.php?rest_route=\/wp\/v2\/posts"}],"about":[{"href":"https:\/\/www.egemtv.com\/index.php?rest_route=\/wp\/v2\/types\/post"}],"author":[{"embeddable":true,"href":"https:\/\/www.egemtv.com\/index.php?rest_route=\/wp\/v2\/users\/1"}],"replies":[{"embeddable":true,"href":"https:\/\/www.egemtv.com\/index.php?rest_route=%2Fwp%2Fv2%2Fcomments&post=76225"}],"version-history":[{"count":1,"href":"https:\/\/www.egemtv.com\/index.php?rest_route=\/wp\/v2\/posts\/76225\/revisions"}],"predecessor-version":[{"id":76227,"href":"https:\/\/www.egemtv.com\/index.php?rest_route=\/wp\/v2\/posts\/76225\/revisions\/76227"}],"wp:featuredmedia":[{"embeddable":true,"href":"https:\/\/www.egemtv.com\/index.php?rest_route=\/wp\/v2\/media\/76226"}],"wp:attachment":[{"href":"https:\/\/www.egemtv.com\/index.php?rest_route=%2Fwp%2Fv2%2Fmedia&parent=76225"}],"wp:term":[{"taxonomy":"category","embeddable":true,"href":"https:\/\/www.egemtv.com\/index.php?rest_route=%2Fwp%2Fv2%2Fcategories&post=76225"},{"taxonomy":"post_tag","embeddable":true,"href":"https:\/\/www.egemtv.com\/index.php?rest_route=%2Fwp%2Fv2%2Ftags&post=76225"}],"curies":[{"name":"wp","href":"https:\/\/api.w.org\/{rel}","templated":true}]}}