{"id":76222,"date":"2025-12-24T09:54:57","date_gmt":"2025-12-24T06:54:57","guid":{"rendered":"https:\/\/www.egemtv.com\/?p=76222"},"modified":"2025-12-24T09:54:58","modified_gmt":"2025-12-24T06:54:58","slug":"demircinin-koklu-haliciligi-tarihi-okulda-yasatilacak","status":"publish","type":"post","link":"https:\/\/www.egemtv.com\/?p=76222","title":{"rendered":"Demirci\u2019nin k\u00f6kl\u00fc hal\u0131c\u0131l\u0131\u011f\u0131 tarihi okulda ya\u015fat\u0131lacak"},"content":{"rendered":"<p>Manisa\u2019n\u0131n Demirci il\u00e7esinde, 120 y\u0131ll\u0131k tarihi okul binas\u0131 hal\u0131 m\u00fczesi ve hal\u0131 dokuma deneyimleme at\u00f6lyesine d\u00f6n\u00fc\u015ft\u00fcr\u00fcl\u00fcyor.<br \/>\n<br \/>El dokuma hal\u0131c\u0131l\u0131k ve cami hal\u0131c\u0131l\u0131\u011f\u0131nda \u00f6nemli bir merkez olan Demirci il\u00e7esi Ayasofya, Selimiye, Sultan Ahmet Camileri, Sivas Divri\u011fi Ulu Cami ve Japonya Tokyo Camii gibi mabetlerin hal\u0131lar\u0131n\u0131 dokuyarak d\u00f6\u015fedi. Demirci el dokuma hal\u0131lar\u0131 ise Amerika, Almanya ve Uzak Do\u011fu pazar\u0131na g\u00f6nderiliyor.<\/p>\n<p>Demirci\u2019nin 120 y\u0131ll\u0131k okul binas\u0131 yeniden hayat buluyor<br \/>\n<br \/>Manisa\u2019n\u0131n Demirci il\u00e7esinde 1905 y\u0131l\u0131nda Osmanl\u0131 d\u00f6neminde in\u015fa edilen, 1970\u2019teki depremde \u00fcst kat\u0131n\u0131n zarar g\u00f6r\u00fcp y\u0131k\u0131lmas\u0131yla 2005 y\u0131l\u0131na kadar tek katl\u0131 okul olarak hizmet veren tarihi bina hal\u0131 m\u00fczesi ve hal\u0131 dokuma at\u00f6lyeleri ile yeniden hayata kazand\u0131r\u0131l\u0131yor.<br \/>\n<br \/>Demirci Belediyesi\u2019nce Sanayi ve Teknoloji Bakanl\u0131\u011f\u0131n\u0131n 2025 y\u0131l\u0131 Sosyal Geli\u015fmeyi Destekleme Program\u0131 (SOGEP) kapsam\u0131nda haz\u0131rlanan, Demirci Kaymakaml\u0131\u011f\u0131 ile Manisa \u0130l K\u00fclt\u00fcr ve Turizm M\u00fcd\u00fcrl\u00fc\u011f\u00fcn\u00fcn ortak oldu\u011fu &#8220;Demirci Hal\u0131s\u0131 Dokuma ve Deneyimleme At\u00f6lyesi&#8221; projesi destek almaya hak kazand\u0131.<br \/>\n<br \/>Sanayi ve Teknoloji Bakanl\u0131\u011f\u0131\u2019nca onaylanan ve Zafer Kalk\u0131nma Ajans\u0131 koordinasyonunda y\u00fcr\u00fct\u00fclecek proje kapsam\u0131nda, Osmanl\u0131 Devleti d\u00f6neminde 1905 y\u0131l\u0131nda okul olarak in\u015fa edilen ve ge\u00e7mi\u015fte Abdurrahman \u015eerefbey \u0130lkokulu olarak kullan\u0131lan tarihi bina, bak\u0131m ve onar\u0131m \u00e7al\u0131\u015fmalar\u0131n\u0131n ard\u0131ndan &#8220;Demirci Hal\u0131 Merkezi&#8221; olarak il\u00e7eye kazand\u0131r\u0131lacak.<br \/>\n<br \/>Toplam 4 milyon 607 bin TL b\u00fct\u00e7eye sahip projede Demirci Belediyesi de e\u015f finansman sa\u011flayacak. Proje do\u011frultusunda merkez b\u00fcnyesinde geleneksel el hal\u0131 tezg\u00e2hlar\u0131 kurulacak.<br \/>\n<br \/>348 metrekare kapal\u0131 alana sahip tarihi binada; kar\u015f\u0131lama ve el sanatlar\u0131 sat\u0131\u015f merkezi odas\u0131, k\u00fclt\u00fcrel sergi odas\u0131, showroom odas\u0131 ve hal\u0131 dokuma deneyimleme at\u00f6lyesi yer alacak. Merkez, dokuma at\u00f6lyesi, deneyimleme alan\u0131 ve showroom b\u00f6l\u00fcmleriyle hem \u00fcretim hem de tan\u0131t\u0131m i\u015flevi g\u00f6recek.<br \/>\n<br \/>Proje ile Demirci\u2019nin k\u00f6kl\u00fc hal\u0131c\u0131l\u0131k gelene\u011finin korunmas\u0131 ve gelecek nesillere aktar\u0131lmas\u0131 hedeflenirken, merkezde \u00f6zellikle kad\u0131nlara y\u00f6nelik hal\u0131 dokuma ve y\u00f6resel hal\u0131 deseni \u00e7izimi e\u011fitimleri verilecek. E\u011fitimlerin ard\u0131ndan kad\u0131nlar\u0131n el hal\u0131s\u0131 dokuyarak ekonomik kazan\u00e7 elde etmeleri, \u00fcretime ve istihdama aktif katk\u0131 sa\u011flamalar\u0131 ama\u00e7lan\u0131yor.<br \/>\n<br \/>Proje kapsam\u0131nda ayr\u0131ca Demirci Hal\u0131s\u0131\u2019n\u0131n tarih\u00e7esini ve k\u00fclt\u00fcrel de\u011ferini anlatan profesyonel bir tan\u0131t\u0131m filmi haz\u0131rlanacak. Merkez b\u00fcnyesinde kurulacak Y\u00f6resel El Sanatlar\u0131 Sat\u0131\u015f Merkezi ile kad\u0131nlar\u0131n el eme\u011fi g\u00f6z nuru \u00fcr\u00fcnlerini sergileyip satabilecekleri sat\u0131\u015f stantlar\u0131 olu\u015fturulacak.<br \/>\n<br \/>Demirci Hal\u0131 Merkezi\u2019nin tamamlanmas\u0131yla il\u00e7enin k\u00fclt\u00fcrel miras\u0131n\u0131n tan\u0131t\u0131m\u0131na ve yerel kalk\u0131nmaya \u00f6nemli katk\u0131 sunmas\u0131 bekleniyor.<\/p>\n<p>&#8220;Demirci Hal\u0131s\u0131n\u0131 her y\u00f6n\u00fcyle tan\u0131tarak istihdam olu\u015fturmay\u0131 hedefliyoruz&#8221;<br \/>\n<br \/>Demirci Belediye Ba\u015fkan\u0131 Erkan Kara yapt\u0131\u011f\u0131 a\u00e7\u0131klamada, &#8220;Eski Abdurrahman \u015eeref Bey \u0130lkokulu tarihi bir yap\u0131m\u0131z. Yakla\u015f\u0131k 120 y\u0131ll\u0131k bir ge\u00e7mi\u015fi var. Osmanl\u0131 Devleti eseri. Yapm\u0131\u015f oldu\u011fumuz proje ile proje payda\u015flar\u0131m\u0131z Manisa Valili\u011fi Y\u0130KOP, \u0130l K\u00fclt\u00fcr ve Turizm M\u00fcd\u00fcrl\u00fc\u011f\u00fc ve Belediyemiz ile beraber \u00f6n\u00fcm\u00fczdeki g\u00fcnlerde ge\u00e7mi\u015ften gelece\u011fe Demirci Hal\u0131c\u0131l\u0131\u011f\u0131 ile m\u00fcze haline d\u00f6n\u00fc\u015ft\u00fcr\u00fcyoruz. Bu m\u00fczede dokuma at\u00f6lyesi, eski tarihi hal\u0131lar\u0131m\u0131z sergilenecek. Demirci cami ve otel hal\u0131c\u0131\u011f\u0131nda \u00f6nemli bir merkez. Bu proje SOGEP destekli bir proje. Yakla\u015f\u0131k 5 milyon de\u011ferinde bir yat\u0131r\u0131m olacak. \u00c7ok \u00f6zel mabetlerin hal\u0131lar\u0131n\u0131 dokuyan bir il\u00e7e olmam\u0131za ra\u011fmen sergileyecek bir yerimiz yoktu. Ayasofya, Selimiye camileri gibi tarihi mabetlerin hal\u0131lar\u0131 il\u00e7emizde dokundu. Amac\u0131m\u0131z \u015fehrimize gelen misafirlerimize bu m\u00fczede Demirci Hal\u0131s\u0131n\u0131 her y\u00f6n\u00fcyle tan\u0131tacak ve istihdam olu\u015fturmay\u0131 hedefliyoruz&#8221; dedi.<br \/>\n<br \/>Foto\u011fraf\u00e7\u0131 Ali \u00d6zkahraman ise, &#8220;1969-1974 y\u0131llar\u0131 aras\u0131nda Abdurrahman \u015eeref Bey \u0130lkokulunda okudum. 1969 ve 1970 depremlerinde binan\u0131n 2. kat\u0131 zarar g\u00f6rd\u00fc. Buras\u0131 at\u0131l vaziyette dururken \u00fcz\u00fcl\u00fcyorduk. Burada foto\u011fraflar \u00e7ekiyordum do\u011fal plato olarak kullan\u0131yordum. \u015eimdi el sanatlar\u0131 ve hal\u0131c\u0131l\u0131k m\u00fczesi olmas\u0131 i\u00e7in ad\u0131m at\u0131ld\u0131. \u0130nsanlar\u0131m\u0131z burada ziyaret edecekler ve hal\u0131c\u0131l\u0131k konusunda bilgi edinecekler&#8221; ifadelerini kulland\u0131.<br \/>\n<br \/>Abdurrahman \u015eeref Bey \u0130lkokulu \u00f6\u011fretmenlerinden \u0130hsan Kayg\u0131s\u0131z ise, &#8220;El hal\u0131c\u0131l\u0131\u011f\u0131 eskiden her evde hal\u0131 tezg\u00e2hlar\u0131 vard\u0131. Kad\u0131nlar kimisi kendi ad\u0131na okurdu, kimisi t\u00fcccarlardan ilme al\u0131p dokurlard\u0131r. Kad\u0131nlar\u0131n burada el hal\u0131s\u0131 dokumas\u0131 gurur verici. 1966 ile 1993 y\u0131llar\u0131 aras\u0131nda 27 y\u0131l \u00f6\u011fretmen ve m\u00fcd\u00fcr yard\u0131mc\u0131s\u0131 olarak g\u00f6rev yapt\u0131m. Bu proje ile el hal\u0131c\u0131l\u0131\u011f\u0131 ivme kazanacak. 5 \u00f6\u011fretmen g\u00f6rev yapt\u0131k. Buran\u0131n \u00fcst kat\u0131 ve meydanda havuz vard\u0131. 1969 y\u0131l\u0131nda deprem olsa da 1970 y\u0131l\u0131nda daha kuvvetli oldu. 23 Nisan\u2019da bayram yerindeydik geldik bakt\u0131k i\u00e7eriye tozdan girilmiyordu. B\u00f6yle bir projenin tarihi okulumuza yap\u0131lmas\u0131 bizi mutlu etti&#8221; \u015feklinde konu\u015ftu.<br \/><\/p>\n","protected":false},"excerpt":{"rendered":"<p>Manisa\u2019n\u0131n Demirci il\u00e7esinde, 120 y\u0131ll\u0131k tarihi okul binas\u0131 hal\u0131 m\u00fczesi ve hal\u0131 dokuma deneyimleme at\u00f6lyesine d\u00f6n\u00fc\u015ft\u00fcr\u00fcl\u00fcyor. El dokuma hal\u0131c\u0131l\u0131k ve cami hal\u0131c\u0131l\u0131\u011f\u0131nda \u00f6nemli bir merkez olan Demirci il\u00e7esi Ayasofya, Selimiye, Sultan Ahmet Camileri, Sivas Divri\u011fi Ulu Cami ve Japonya Tokyo Camii gibi mabetlerin hal\u0131lar\u0131n\u0131 dokuyarak d\u00f6\u015fedi. Demirci el dokuma hal\u0131lar\u0131 ise Amerika, Almanya ve Uzak&#8230;<\/p>\n","protected":false},"author":1,"featured_media":76223,"comment_status":"open","ping_status":"open","sticky":false,"template":"","format":"standard","meta":{"_crdt_document":"","footnotes":""},"categories":[1],"tags":[],"class_list":["post-76222","post","type-post","status-publish","format-standard","has-post-thumbnail","hentry","category-guncel"],"_links":{"self":[{"href":"https:\/\/www.egemtv.com\/index.php?rest_route=\/wp\/v2\/posts\/76222","targetHints":{"allow":["GET"]}}],"collection":[{"href":"https:\/\/www.egemtv.com\/index.php?rest_route=\/wp\/v2\/posts"}],"about":[{"href":"https:\/\/www.egemtv.com\/index.php?rest_route=\/wp\/v2\/types\/post"}],"author":[{"embeddable":true,"href":"https:\/\/www.egemtv.com\/index.php?rest_route=\/wp\/v2\/users\/1"}],"replies":[{"embeddable":true,"href":"https:\/\/www.egemtv.com\/index.php?rest_route=%2Fwp%2Fv2%2Fcomments&post=76222"}],"version-history":[{"count":1,"href":"https:\/\/www.egemtv.com\/index.php?rest_route=\/wp\/v2\/posts\/76222\/revisions"}],"predecessor-version":[{"id":76224,"href":"https:\/\/www.egemtv.com\/index.php?rest_route=\/wp\/v2\/posts\/76222\/revisions\/76224"}],"wp:featuredmedia":[{"embeddable":true,"href":"https:\/\/www.egemtv.com\/index.php?rest_route=\/wp\/v2\/media\/76223"}],"wp:attachment":[{"href":"https:\/\/www.egemtv.com\/index.php?rest_route=%2Fwp%2Fv2%2Fmedia&parent=76222"}],"wp:term":[{"taxonomy":"category","embeddable":true,"href":"https:\/\/www.egemtv.com\/index.php?rest_route=%2Fwp%2Fv2%2Fcategories&post=76222"},{"taxonomy":"post_tag","embeddable":true,"href":"https:\/\/www.egemtv.com\/index.php?rest_route=%2Fwp%2Fv2%2Ftags&post=76222"}],"curies":[{"name":"wp","href":"https:\/\/api.w.org\/{rel}","templated":true}]}}