{"id":76219,"date":"2025-12-24T09:54:56","date_gmt":"2025-12-24T06:54:56","guid":{"rendered":"https:\/\/www.egemtv.com\/?p=76219"},"modified":"2025-12-24T09:54:57","modified_gmt":"2025-12-24T06:54:57","slug":"burdurda-polis-ekiplerinden-uyusturucu-operasyonu","status":"publish","type":"post","link":"https:\/\/www.egemtv.com\/?p=76219","title":{"rendered":"Burdur\u2019da polis ekiplerinden uyu\u015fturucu operasyonu"},"content":{"rendered":"<p>Burdur\u2019da 1-19 Aral\u0131k tarihlerinde yap\u0131lan uyu\u015fturucu operasyonlarda 19 ki\u015fi hakk\u0131nda adli i\u015flem ba\u015flat\u0131l\u0131rken, 1 \u015f\u00fcpheli ise tutukland\u0131.<br \/>\n<br \/>Edinilen bilgiye g\u00f6re, Burdur Cumhuriyet Ba\u015fsavc\u0131l\u0131\u011f\u0131 koordinesinde Burdur Emniyet M\u00fcd\u00fcrl\u00fc\u011f\u00fc Narkotik Su\u00e7larla M\u00fccadele \u015eube M\u00fcd\u00fcrl\u00fc\u011f\u00fc g\u00f6revlileri uyu\u015fturucu madde ticareti yapan ve kullananlar\u0131n yakalanmas\u0131 ve de\u015fifresine y\u00f6nelik 1-19 Aral\u0131k tarihlerinde \u00e7al\u0131\u015fma yapt\u0131. Bu \u00e7er\u00e7evede 13,31 gram sentetik kannabinoid emdirilmi\u015f ka\u011f\u0131t par\u00e7alar\u0131, 19,99 gram eroin, 47,34 gram metamfetamin, 60,88 gram afyon sak\u0131z\u0131, 1 k\u00f6k Hint keneviri ele ge\u00e7irildi. \u2019Uyu\u015fturucu veya uyar\u0131c\u0131 madde sat\u0131n almak, kabul etmek, bulundurmak ya da kullanmak\u2019 su\u00e7undan 18 ki\u015fi, \u2019Esrar elde etmek amac\u0131yla kenevir ekme\u2019 su\u00e7undan 1 ki\u015fi hakk\u0131nda adli i\u015flem ba\u015flat\u0131ld\u0131. \u2019Uyu\u015fturucu veya uyar\u0131c\u0131 madde imal ve ticareti\u2019 yapt\u0131\u011f\u0131 tespit edilen A.D. ise, \u00e7\u0131kar\u0131ld\u0131\u011f\u0131 adli mercilerce tutukland\u0131.<br \/><\/p>\n","protected":false},"excerpt":{"rendered":"<p>Burdur\u2019da 1-19 Aral\u0131k tarihlerinde yap\u0131lan uyu\u015fturucu operasyonlarda 19 ki\u015fi hakk\u0131nda adli i\u015flem ba\u015flat\u0131l\u0131rken, 1 \u015f\u00fcpheli ise tutukland\u0131. Edinilen bilgiye g\u00f6re, Burdur Cumhuriyet Ba\u015fsavc\u0131l\u0131\u011f\u0131 koordinesinde Burdur Emniyet M\u00fcd\u00fcrl\u00fc\u011f\u00fc Narkotik Su\u00e7larla M\u00fccadele \u015eube M\u00fcd\u00fcrl\u00fc\u011f\u00fc g\u00f6revlileri uyu\u015fturucu madde ticareti yapan ve kullananlar\u0131n yakalanmas\u0131 ve de\u015fifresine y\u00f6nelik 1-19 Aral\u0131k tarihlerinde \u00e7al\u0131\u015fma yapt\u0131. Bu \u00e7er\u00e7evede 13,31 gram sentetik kannabinoid emdirilmi\u015f&#8230;<\/p>\n","protected":false},"author":1,"featured_media":76220,"comment_status":"open","ping_status":"open","sticky":false,"template":"","format":"standard","meta":{"_crdt_document":"","footnotes":""},"categories":[5],"tags":[],"class_list":["post-76219","post","type-post","status-publish","format-standard","has-post-thumbnail","hentry","category-asayis"],"_links":{"self":[{"href":"https:\/\/www.egemtv.com\/index.php?rest_route=\/wp\/v2\/posts\/76219","targetHints":{"allow":["GET"]}}],"collection":[{"href":"https:\/\/www.egemtv.com\/index.php?rest_route=\/wp\/v2\/posts"}],"about":[{"href":"https:\/\/www.egemtv.com\/index.php?rest_route=\/wp\/v2\/types\/post"}],"author":[{"embeddable":true,"href":"https:\/\/www.egemtv.com\/index.php?rest_route=\/wp\/v2\/users\/1"}],"replies":[{"embeddable":true,"href":"https:\/\/www.egemtv.com\/index.php?rest_route=%2Fwp%2Fv2%2Fcomments&post=76219"}],"version-history":[{"count":1,"href":"https:\/\/www.egemtv.com\/index.php?rest_route=\/wp\/v2\/posts\/76219\/revisions"}],"predecessor-version":[{"id":76221,"href":"https:\/\/www.egemtv.com\/index.php?rest_route=\/wp\/v2\/posts\/76219\/revisions\/76221"}],"wp:featuredmedia":[{"embeddable":true,"href":"https:\/\/www.egemtv.com\/index.php?rest_route=\/wp\/v2\/media\/76220"}],"wp:attachment":[{"href":"https:\/\/www.egemtv.com\/index.php?rest_route=%2Fwp%2Fv2%2Fmedia&parent=76219"}],"wp:term":[{"taxonomy":"category","embeddable":true,"href":"https:\/\/www.egemtv.com\/index.php?rest_route=%2Fwp%2Fv2%2Fcategories&post=76219"},{"taxonomy":"post_tag","embeddable":true,"href":"https:\/\/www.egemtv.com\/index.php?rest_route=%2Fwp%2Fv2%2Ftags&post=76219"}],"curies":[{"name":"wp","href":"https:\/\/api.w.org\/{rel}","templated":true}]}}