{"id":76216,"date":"2025-12-24T09:54:56","date_gmt":"2025-12-24T06:54:56","guid":{"rendered":"https:\/\/www.egemtv.com\/?p=76216"},"modified":"2025-12-24T09:54:56","modified_gmt":"2025-12-24T06:54:56","slug":"dpude-kalite-elcileri-ogrenci-kalite-calistayi-duzenlendi","status":"publish","type":"post","link":"https:\/\/www.egemtv.com\/?p=76216","title":{"rendered":"DP\u00dc\u2019de Kalite El\u00e7ileri \u00d6\u011frenci Kalite \u00c7al\u0131\u015ftay\u0131 d\u00fczenlendi"},"content":{"rendered":"<p>K\u00fctahya Dumlup\u0131nar \u00dcniversitesi\u2019nde Kalite El\u00e7ileri Toplulu\u011fu taraf\u0131ndan d\u00fczenlenen \u2019Kalite El\u00e7ileri ile \u00d6\u011frenci Kalite Fark\u0131ndal\u0131k\u2019 \u00e7al\u0131\u015ftay\u0131 ger\u00e7ekle\u015fti.<br \/>\n<br \/>Rekt\u00f6rl\u00fck K\u0131rm\u0131z\u0131 Salon\u2019da Kalite El\u00e7ileri Toplulu\u011fu taraf\u0131ndan yap\u0131lan etkinli\u011fe \u00fcniversite personeli ve \u00f6\u011frenciler kat\u0131ld\u0131. \u00c7al\u0131\u015ftay, Sayg\u0131 Duru\u015fu ve \u0130stiklal Mar\u015f\u0131\u2019n\u0131n okunmas\u0131yla ba\u015flad\u0131. Kalite Koordinat\u00f6r\u00fc Dr. \u00d6\u011fr. \u00dcyesi Figen Karaferye\u2019nin a\u00e7\u0131l\u0131\u015f konu\u015fmas\u0131n\u0131n ard\u0131ndan Kalite Koordinat\u00f6r Yard\u0131mc\u0131s\u0131 \u00d6\u011fr. G\u00f6r. Latife S\u00fcrsavur Demirel, Kalite Koordinat\u00f6rl\u00fc\u011f\u00fcn\u00fcn \u00e7al\u0131\u015fmalar\u0131 hakk\u0131nda konu\u015ftu. Spor Bilimleri Fak\u00fcltesinde g\u00f6rev yapan Ar\u015f. G\u00f6r. Simge Yal\u00e7\u0131n, akreditasyon s\u00fcreci ve \u00f6neminden bahsetti.<br \/>\n<br \/>\u00c7al\u0131\u015ftay\u0131n devam\u0131nda Fen Edebiyat Fak\u00fcltesinin FEDEK taraf\u0131ndan denklik kazanm\u0131\u015f Kimya b\u00f6l\u00fcm\u00fcn\u00fcn \u00f6\u011frencisi Selenay Yaman, denklik kazanm\u0131\u015f bir b\u00f6l\u00fcmde \u00f6\u011frenci olma hakk\u0131ndaki d\u00fc\u015f\u00fcncelerini s\u00f6yledi. Kalite El\u00e7ileri \u00d6\u011frenci Toplulu\u011fu \u00fcyesi \u00f6\u011frencileri Tu\u011f\u00e7e Nur Keskin ve Tu\u011f\u00e7e \u00c7oban\u2019\u0131n y\u00fcksek\u00f6\u011fretimde kalite yolculu\u011funu anlatt\u0131\u011f\u0131 etkinlikte, Topluluk Ba\u015fkan\u0131 Mertcan Temel ise Kalite El\u00e7ileri Toplulu\u011fu\u2019nu tan\u0131tt\u0131.<br \/>\n<br \/>\u00c7ekili\u015flerin ve yar\u0131\u015fmalar\u0131n yap\u0131ld\u0131\u011f\u0131 \u00e7al\u0131\u015ftay sertifika ve \u00f6d\u00fcl sunumlar\u0131 ile son buldu.<br \/><\/p>\n","protected":false},"excerpt":{"rendered":"<p>K\u00fctahya Dumlup\u0131nar \u00dcniversitesi\u2019nde Kalite El\u00e7ileri Toplulu\u011fu taraf\u0131ndan d\u00fczenlenen \u2019Kalite El\u00e7ileri ile \u00d6\u011frenci Kalite Fark\u0131ndal\u0131k\u2019 \u00e7al\u0131\u015ftay\u0131 ger\u00e7ekle\u015fti. Rekt\u00f6rl\u00fck K\u0131rm\u0131z\u0131 Salon\u2019da Kalite El\u00e7ileri Toplulu\u011fu taraf\u0131ndan yap\u0131lan etkinli\u011fe \u00fcniversite personeli ve \u00f6\u011frenciler kat\u0131ld\u0131. \u00c7al\u0131\u015ftay, Sayg\u0131 Duru\u015fu ve \u0130stiklal Mar\u015f\u0131\u2019n\u0131n okunmas\u0131yla ba\u015flad\u0131. Kalite Koordinat\u00f6r\u00fc Dr. \u00d6\u011fr. \u00dcyesi Figen Karaferye\u2019nin a\u00e7\u0131l\u0131\u015f konu\u015fmas\u0131n\u0131n ard\u0131ndan Kalite Koordinat\u00f6r Yard\u0131mc\u0131s\u0131 \u00d6\u011fr. G\u00f6r. Latife S\u00fcrsavur&#8230;<\/p>\n","protected":false},"author":1,"featured_media":76217,"comment_status":"open","ping_status":"open","sticky":false,"template":"","format":"standard","meta":{"_crdt_document":"","footnotes":""},"categories":[1],"tags":[],"class_list":["post-76216","post","type-post","status-publish","format-standard","has-post-thumbnail","hentry","category-guncel"],"_links":{"self":[{"href":"https:\/\/www.egemtv.com\/index.php?rest_route=\/wp\/v2\/posts\/76216","targetHints":{"allow":["GET"]}}],"collection":[{"href":"https:\/\/www.egemtv.com\/index.php?rest_route=\/wp\/v2\/posts"}],"about":[{"href":"https:\/\/www.egemtv.com\/index.php?rest_route=\/wp\/v2\/types\/post"}],"author":[{"embeddable":true,"href":"https:\/\/www.egemtv.com\/index.php?rest_route=\/wp\/v2\/users\/1"}],"replies":[{"embeddable":true,"href":"https:\/\/www.egemtv.com\/index.php?rest_route=%2Fwp%2Fv2%2Fcomments&post=76216"}],"version-history":[{"count":1,"href":"https:\/\/www.egemtv.com\/index.php?rest_route=\/wp\/v2\/posts\/76216\/revisions"}],"predecessor-version":[{"id":76218,"href":"https:\/\/www.egemtv.com\/index.php?rest_route=\/wp\/v2\/posts\/76216\/revisions\/76218"}],"wp:featuredmedia":[{"embeddable":true,"href":"https:\/\/www.egemtv.com\/index.php?rest_route=\/wp\/v2\/media\/76217"}],"wp:attachment":[{"href":"https:\/\/www.egemtv.com\/index.php?rest_route=%2Fwp%2Fv2%2Fmedia&parent=76216"}],"wp:term":[{"taxonomy":"category","embeddable":true,"href":"https:\/\/www.egemtv.com\/index.php?rest_route=%2Fwp%2Fv2%2Fcategories&post=76216"},{"taxonomy":"post_tag","embeddable":true,"href":"https:\/\/www.egemtv.com\/index.php?rest_route=%2Fwp%2Fv2%2Ftags&post=76216"}],"curies":[{"name":"wp","href":"https:\/\/api.w.org\/{rel}","templated":true}]}}