{"id":76213,"date":"2025-12-24T09:54:55","date_gmt":"2025-12-24T06:54:55","guid":{"rendered":"https:\/\/www.egemtv.com\/?p=76213"},"modified":"2025-12-24T09:54:55","modified_gmt":"2025-12-24T06:54:55","slug":"egiad-35-yilinda-gelecege-nefes-oldu","status":"publish","type":"post","link":"https:\/\/www.egemtv.com\/?p=76213","title":{"rendered":"EG\u0130AD 35. y\u0131l\u0131nda gelece\u011fe nefes oldu"},"content":{"rendered":"<p>Ege Gen\u00e7 \u0130\u015f \u0130nsanlar\u0131 Derne\u011fi (EG\u0130AD), 35. y\u0131l\u0131 sebebiyle Ege Orman Vakf\u0131 i\u015f birli\u011fiyle hayata ge\u00e7irilen &#8220;EG\u0130AD 35. Y\u0131l Otoyol A\u011fa\u00e7land\u0131rma Projesi&#8221; kapsam\u0131nda fidan dikimi ger\u00e7ekle\u015ftirdi. Proje kapsam\u0131nda 2 bin 150 adet fidan\u0131n toprakla bulu\u015faca\u011f\u0131 belirtildi.<br \/>\n<br \/>\u0130zmir-\u00c7e\u015fme Otoyolunda d\u00fczenlenen fidan dikim etkinli\u011fine EG\u0130AD Y\u00f6netim Kurulu Ba\u015fkan\u0131 M. Kaan \u00d6zhelvac\u0131, Ege Orman Vakf\u0131 Y\u00f6netim Kurulu Ba\u015fkan\u0131 Serta\u00e7 Bakio\u011flu, Ege Orman Vakf\u0131 Ba\u015fkan\u0131 Vekili Enver Bakio\u011flu, Ege Orman Vakf\u0131 Genel M\u00fcd\u00fcr\u00fc Perihan \u00d6zt\u00fcrk, EG\u0130AD Y\u00f6netim Kurulu \u00dcyeleri kat\u0131ld\u0131. \u00d6nceden fidan dikimine ayr\u0131lm\u0131\u015f alanlara \u00f6zenle fidanlar tek tek dikilmeye ba\u015fland\u0131. Proje kapsam\u0131nda b\u00f6lgeye 2 bin 150 adet fidan dikilece\u011fi kaydedildi.<br \/>\n<br \/>EG\u0130AD\u2019\u0131n 35 y\u0131l\u0131 kurumsalda yaln\u0131zca ekonomik ve sosyal kalk\u0131nmaya de\u011fil, rehberlik eden bir terapiyi benimsedi\u011fini vurgulayan EG\u0130AD Y\u00f6netim Kurulu Ba\u015fkan\u0131 M. Kaan \u00d6zhelvac\u0131, &#8220;Son y\u0131llarda \u0130zmir ve y\u0131lda bir kez daha vard\u0131. yakla\u015f\u0131k 10 bin 600 d\u00f6n\u00fcml\u00fck alan\u0131n zarar g\u00f6rmesi, bug\u00fcn yaln\u0131zca \u00fcz\u00fclmenin yeterli olmay\u0131\u015f\u0131, sorumluluk almam\u0131z \u00f6zelli\u011fi hat\u0131rlatt\u0131. EG\u0130AD olarak bu bilin\u00e7le hareket ettik ve 35. y\u0131l\u0131m\u0131za yak\u0131\u015f\u0131r, kal\u0131c\u0131 bir \u00e7evre projesini hayata ge\u00e7iriyor.&#8221; dedi.<br \/>\n<br \/>\u00d6zhelvac\u0131, daha \u00f6nce faaliyet g\u00f6steren EG\u0130AD Sak\u0131z A\u011fac\u0131 Korusu Projesi\u2019nin ard\u0131\u015f\u0131k a\u011fa\u00e7land\u0131rmas\u0131yla b\u00fcy\u00fct\u00fcld\u00fc\u011f\u00fcn\u00fc belirterek, bu \u00e7al\u0131\u015fmay\u0131 yaln\u0131zca bug\u00fcn\u00fc de\u011fil, gelecek ku\u015faklar\u0131 da kapsayan bir vizyonun \u00fcr\u00fcn\u00fc oldu\u011funu ifade etti. \u00d6zhelvac\u0131; &#8220;Burada toprakla bulu\u015fan her bir fidan, EG\u0130AD\u2019\u0131n 35 y\u0131ll\u0131k eme\u011finin ve ortak akl\u0131n\u0131n sembol\u00fcd\u00fcr. Bizden sonra gelecek ku\u015faklar\u0131n gurur duyaca\u011f\u0131 \u00fcr\u00fcnler \u00fcretmeye devam ediyor.&#8221; diye konu\u015ftu.<\/p>\n<p>Ege Orman Vakf\u0131 ile g\u00fc\u00e7l\u00fc ve uzun soluklu i\u015f birli\u011fi<br \/>\n<br \/>ge Orman Vakf\u0131 Y\u00f6netim Kurulu Ba\u015fkan\u0131 Serta\u00e7 Bakio\u011flu, 1995 y\u0131l\u0131ndan bu yana 91 bin dekar alanda 14 milyon 500 bin a\u015fk\u0131n fidan\u0131 toprakla bulu\u015fturman\u0131n, do\u011faya ger\u00e7ek bir habitat ve ekosistemin kazand\u0131rm\u0131\u015f olman\u0131n gururunu ya\u015fad\u0131klar\u0131n\u0131 belirtti. Bakio\u011flu, &#8220;Bug\u00fcn burada EG\u0130AD ile birlikte olmak bizim i\u00e7in ayr\u0131 bir anlam ta\u015f\u0131yor. Do\u011fadan ald\u0131\u011f\u0131m\u0131z\u0131 bu d\u00fcnyaya geri vermek herkesin ortak borcudur. Bug\u00fcn burada birlikte dikti\u011fimiz her fidan yaln\u0131zca bir a\u011fa\u00e7 de\u011fil, iklime kar\u015f\u0131 at\u0131lm\u0131\u015f bir ad\u0131m, b\u0131rakt\u0131\u011f\u0131m\u0131z bir nefes, toplumsal deste\u011fin g\u00fc\u00e7l\u00fc bir g\u00f6stergesidir. Dilerim bug\u00fcn att\u0131\u011f\u0131m\u0131z bu ad\u0131mlar hem do\u011faya hem de insanl\u0131\u011fa umut olur.&#8221; diye konu\u015ftu.<br \/><\/p>\n","protected":false},"excerpt":{"rendered":"<p>Ege Gen\u00e7 \u0130\u015f \u0130nsanlar\u0131 Derne\u011fi (EG\u0130AD), 35. y\u0131l\u0131 sebebiyle Ege Orman Vakf\u0131 i\u015f birli\u011fiyle hayata ge\u00e7irilen &#8220;EG\u0130AD 35. Y\u0131l Otoyol A\u011fa\u00e7land\u0131rma Projesi&#8221; kapsam\u0131nda fidan dikimi ger\u00e7ekle\u015ftirdi. Proje kapsam\u0131nda 2 bin 150 adet fidan\u0131n toprakla bulu\u015faca\u011f\u0131 belirtildi. \u0130zmir-\u00c7e\u015fme Otoyolunda d\u00fczenlenen fidan dikim etkinli\u011fine EG\u0130AD Y\u00f6netim Kurulu Ba\u015fkan\u0131 M. Kaan \u00d6zhelvac\u0131, Ege Orman Vakf\u0131 Y\u00f6netim Kurulu Ba\u015fkan\u0131&#8230;<\/p>\n","protected":false},"author":1,"featured_media":76214,"comment_status":"open","ping_status":"open","sticky":false,"template":"","format":"standard","meta":{"_crdt_document":"","footnotes":""},"categories":[1],"tags":[],"class_list":["post-76213","post","type-post","status-publish","format-standard","has-post-thumbnail","hentry","category-guncel"],"_links":{"self":[{"href":"https:\/\/www.egemtv.com\/index.php?rest_route=\/wp\/v2\/posts\/76213","targetHints":{"allow":["GET"]}}],"collection":[{"href":"https:\/\/www.egemtv.com\/index.php?rest_route=\/wp\/v2\/posts"}],"about":[{"href":"https:\/\/www.egemtv.com\/index.php?rest_route=\/wp\/v2\/types\/post"}],"author":[{"embeddable":true,"href":"https:\/\/www.egemtv.com\/index.php?rest_route=\/wp\/v2\/users\/1"}],"replies":[{"embeddable":true,"href":"https:\/\/www.egemtv.com\/index.php?rest_route=%2Fwp%2Fv2%2Fcomments&post=76213"}],"version-history":[{"count":1,"href":"https:\/\/www.egemtv.com\/index.php?rest_route=\/wp\/v2\/posts\/76213\/revisions"}],"predecessor-version":[{"id":76215,"href":"https:\/\/www.egemtv.com\/index.php?rest_route=\/wp\/v2\/posts\/76213\/revisions\/76215"}],"wp:featuredmedia":[{"embeddable":true,"href":"https:\/\/www.egemtv.com\/index.php?rest_route=\/wp\/v2\/media\/76214"}],"wp:attachment":[{"href":"https:\/\/www.egemtv.com\/index.php?rest_route=%2Fwp%2Fv2%2Fmedia&parent=76213"}],"wp:term":[{"taxonomy":"category","embeddable":true,"href":"https:\/\/www.egemtv.com\/index.php?rest_route=%2Fwp%2Fv2%2Fcategories&post=76213"},{"taxonomy":"post_tag","embeddable":true,"href":"https:\/\/www.egemtv.com\/index.php?rest_route=%2Fwp%2Fv2%2Ftags&post=76213"}],"curies":[{"name":"wp","href":"https:\/\/api.w.org\/{rel}","templated":true}]}}