{"id":76210,"date":"2025-12-24T09:35:42","date_gmt":"2025-12-24T06:35:42","guid":{"rendered":"https:\/\/www.egemtv.com\/?p=76210"},"modified":"2025-12-24T09:35:43","modified_gmt":"2025-12-24T06:35:43","slug":"izmir-ekonominin-bilim-odulu-gururu","status":"publish","type":"post","link":"https:\/\/www.egemtv.com\/?p=76210","title":{"rendered":"\u0130zmir Ekonomi\u2019nin \u2018Bilim \u00d6d\u00fcl\u00fc\u2019 gururu"},"content":{"rendered":"<p>\u0130zmir Ekonomi \u00dcniversitesi (\u0130E\u00dc) Fen-Edebiyat Fak\u00fcltesi Psikoloji B\u00f6l\u00fcm\u00fc \u00d6\u011fretim \u00dcyesi Prof. Dr. Canan Ba\u015far, ODT\u00dc Parlar Vakf\u0131 taraf\u0131ndan 2025 y\u0131l\u0131nda sadece bir ki\u015fiye verilen \u2018Bilim \u00d6d\u00fcl\u00fc\u2019n\u00fcn sahibi oldu. 53 y\u0131ll\u0131k akademik hayat\u0131nda 140\u2019a yak\u0131n uluslararas\u0131 yay\u0131na imza atan, ara\u015ft\u0131rmalar\u0131 ve projeleriyle \u00f6nc\u00fc rol \u00fcstlenen Prof. Dr. Ba\u015far, T\u00fcrkiye\u2019nin en sayg\u0131n akademik \u00f6d\u00fcllerinden birine ula\u015fman\u0131n gururunu ya\u015fad\u0131. Prof. Dr. Ba\u015far, &#8220;Bilim, \u00f6mr\u00fcm boyunca benim i\u00e7in her \u015feyden \u00f6nce geldi. Yar\u0131m asr\u0131 ge\u00e7en akademik \u00e7al\u0131\u015fmalar\u0131m\u0131n kar\u015f\u0131l\u0131\u011f\u0131 olarak verilen bu \u00f6d\u00fcl, beni \u00e7ok mutlu etti&#8221; diye konu\u015ftu.<br \/>\n<br \/>ODT\u00dc Parlar Vakf\u0131 \u00d6d\u00fclleri, bu y\u0131l \u2018Bilim \u00d6d\u00fcl\u00fc\u2019 ve \u2018Ara\u015ft\u0131rma Te\u015fvik \u00d6d\u00fcl\u00fc\u2019 olmak \u00fczere iki kategoride verildi. Uluslararas\u0131 d\u00fczeyde \u00f6zg\u00fcn, kal\u0131c\u0131 ve y\u00fcksek etkili \u00e7al\u0131\u015fmalar ger\u00e7ekle\u015ftiren \u00e7ok say\u0131da bilim insan\u0131 aras\u0131ndan, \u00f6d\u00fcle ula\u015fan isimlerin belirlenmesi i\u00e7in j\u00fcri taraf\u0131ndan detayl\u0131 incelemeler yap\u0131ld\u0131. Akademisyenlerin at\u0131f say\u0131lar\u0131n\u0131n da dikkate al\u0131nd\u0131\u011f\u0131 de\u011ferlendirmeler sonunda, \u0130E\u00dc Psikoloji B\u00f6l\u00fcm\u00fc \u00d6\u011fretim \u00dcyesi Prof. Dr. Canan Ba\u015far, \u2018Bilim \u00d6d\u00fcl\u00fc\u2019ne lay\u0131k g\u00f6r\u00fclerek T\u00fcrkiye\u2019nin en g\u00fc\u00e7l\u00fc bilim insanlar\u0131 aras\u0131na ad\u0131n\u0131 yazd\u0131rd\u0131.<\/p>\n<p>&#8220;Hayat\u0131m\u0131 bilime adad\u0131m&#8221;<br \/>\n<br \/>Mesle\u011fini \u00e7ok sevdi\u011fini ve hayat\u0131n\u0131 bilime adad\u0131\u011f\u0131n\u0131 s\u00f6yleyen Prof. Dr. Ba\u015far, &#8220;\u00d6d\u00fcl ald\u0131\u011f\u0131m\u0131 ilk duydu\u011fumda \u00f6nce \u015fa\u015f\u0131rd\u0131m, ard\u0131ndan da \u00e7ok sevindim. B\u00f6ylesine sayg\u0131n bir \u00f6d\u00fcle lay\u0131k g\u00f6r\u00fcld\u00fc\u011f\u00fcm i\u00e7in gururluyum. 53 senelik akademik hayat\u0131mda \u00e7ok say\u0131da bilim insan\u0131 yeti\u015ftirdim. Bazen yorulsam bile, \u00e7evremde g\u00fclen birilerini g\u00f6r\u00fcnce kendimi daha iyi hissediyorum. \u00d6\u011frencilerimi \u00e7ok seviyorum&#8221; dedi.<\/p>\n<p>Almanya\u2019daki laboratuvara ismi verildi<br \/>\n<br \/>Bug\u00fcne kadar T\u00fcrkiye\u2019de ve yurt d\u0131\u015f\u0131nda bir\u00e7ok laboratuvar\u0131n kurulmas\u0131na \u00f6nc\u00fcl\u00fck etti\u011fini ifade eden Prof. Dr. Ba\u015far, &#8220;Mezunu oldu\u011fum Hacettepe \u00dcniversitesi\u2019nde, hem dola\u015f\u0131m laboratuvar\u0131n\u0131 kurdum hem de beyin dalgalar\u0131n\u0131n detayl\u0131 incelenmesine imkan sa\u011flayan EEG Laboratuvar\u0131\u2019n\u0131n kurulmas\u0131na destek oldum. 1980 y\u0131l\u0131ndan 1990\u2019a kadar L\u00fcbeck T\u0131p \u00dcniversitesi Fizyoloji B\u00f6l\u00fcm\u00fc\u2019nde de ilk EEG ve Dola\u015f\u0131m Laboratuvarlar\u0131n\u0131 kurdum. 1992\u2019de do\u00e7ent olarak Bremen \u00dcniversitesi Psikoloji B\u00f6l\u00fcm\u00fc\u2019ne atand\u0131m ve orada da \u00fcniversitenin ilk  EEG Laboratuvar\u0131n\u0131 hayata ge\u00e7irdim. Ad\u0131m, Bremen \u00dcniversitesi\u2019ndeki bu laboratuvara daimi olarak verildi. Bu \u00fcniversitede klinik ve deneysel EEG ara\u015ft\u0131rmalar\u0131n\u0131 insan fizyolojisi alan\u0131nda ger\u00e7ekle\u015ftiren ilk ki\u015fi oldum ve ara\u015ft\u0131rmalar\u0131m uluslararas\u0131 bir boyuta ula\u015ft\u0131. Son olarak da \u0130zmir Ekonomi \u00dcniversitesi\u2019nde ayn\u0131 laboratuvar\u0131 kurdum&#8221; ifadelerini kulland\u0131.<\/p>\n<p>&#8220;Ara\u015ft\u0131rma yapmay\u0131 \u00e7ok seviyorum&#8221;<br \/>\n<br \/>Ara\u015ft\u0131rma yapmay\u0131 \u00e7ok sevdi\u011fini ifade eden Prof. Dr. Ba\u015far, \u015fimdiye dek ba\u015fta \u015fizofreni, parkinson ve uyku d\u00fczeni olmak \u00fczere bir\u00e7ok hastal\u0131k \u00fczerine \u00e7al\u0131\u015ft\u0131\u011f\u0131n\u0131 belirterek, &#8220;\u015eu anda ise laboratuvarda, gen\u00e7 ve ileri ya\u015f grubunda s\u00fcrd\u00fcr\u00fclebilir dikkat, haf\u0131za, \u00e7al\u0131\u015fma belle\u011fi, uyku (power nap) ve obsesif kompulsif bozuklukla ilgili \u00e7al\u0131\u015fmalar ger\u00e7ekle\u015ftiriyorum. Bilimsel \u00e7al\u0131\u015fmaya imkan tan\u0131yan b\u00f6ylesine nitelikli bir \u00fcniversitede oldu\u011fum i\u00e7in kendimi \u00e7ok \u015fansl\u0131 hissediyorum. Projelerimiz, \u00f6n\u00fcm\u00fczdeki d\u00f6nemlerde de devam edecek&#8221; diye konu\u015ftu.<br \/><\/p>\n","protected":false},"excerpt":{"rendered":"<p>\u0130zmir Ekonomi \u00dcniversitesi (\u0130E\u00dc) Fen-Edebiyat Fak\u00fcltesi Psikoloji B\u00f6l\u00fcm\u00fc \u00d6\u011fretim \u00dcyesi Prof. Dr. Canan Ba\u015far, ODT\u00dc Parlar Vakf\u0131 taraf\u0131ndan 2025 y\u0131l\u0131nda sadece bir ki\u015fiye verilen \u2018Bilim \u00d6d\u00fcl\u00fc\u2019n\u00fcn sahibi oldu. 53 y\u0131ll\u0131k akademik hayat\u0131nda 140\u2019a yak\u0131n uluslararas\u0131 yay\u0131na imza atan, ara\u015ft\u0131rmalar\u0131 ve projeleriyle \u00f6nc\u00fc rol \u00fcstlenen Prof. Dr. Ba\u015far, T\u00fcrkiye\u2019nin en sayg\u0131n akademik \u00f6d\u00fcllerinden birine ula\u015fman\u0131n gururunu&#8230;<\/p>\n","protected":false},"author":1,"featured_media":76211,"comment_status":"open","ping_status":"open","sticky":false,"template":"","format":"standard","meta":{"_crdt_document":"","footnotes":""},"categories":[1],"tags":[],"class_list":["post-76210","post","type-post","status-publish","format-standard","has-post-thumbnail","hentry","category-guncel"],"_links":{"self":[{"href":"https:\/\/www.egemtv.com\/index.php?rest_route=\/wp\/v2\/posts\/76210","targetHints":{"allow":["GET"]}}],"collection":[{"href":"https:\/\/www.egemtv.com\/index.php?rest_route=\/wp\/v2\/posts"}],"about":[{"href":"https:\/\/www.egemtv.com\/index.php?rest_route=\/wp\/v2\/types\/post"}],"author":[{"embeddable":true,"href":"https:\/\/www.egemtv.com\/index.php?rest_route=\/wp\/v2\/users\/1"}],"replies":[{"embeddable":true,"href":"https:\/\/www.egemtv.com\/index.php?rest_route=%2Fwp%2Fv2%2Fcomments&post=76210"}],"version-history":[{"count":1,"href":"https:\/\/www.egemtv.com\/index.php?rest_route=\/wp\/v2\/posts\/76210\/revisions"}],"predecessor-version":[{"id":76212,"href":"https:\/\/www.egemtv.com\/index.php?rest_route=\/wp\/v2\/posts\/76210\/revisions\/76212"}],"wp:featuredmedia":[{"embeddable":true,"href":"https:\/\/www.egemtv.com\/index.php?rest_route=\/wp\/v2\/media\/76211"}],"wp:attachment":[{"href":"https:\/\/www.egemtv.com\/index.php?rest_route=%2Fwp%2Fv2%2Fmedia&parent=76210"}],"wp:term":[{"taxonomy":"category","embeddable":true,"href":"https:\/\/www.egemtv.com\/index.php?rest_route=%2Fwp%2Fv2%2Fcategories&post=76210"},{"taxonomy":"post_tag","embeddable":true,"href":"https:\/\/www.egemtv.com\/index.php?rest_route=%2Fwp%2Fv2%2Ftags&post=76210"}],"curies":[{"name":"wp","href":"https:\/\/api.w.org\/{rel}","templated":true}]}}