{"id":76207,"date":"2025-12-24T09:15:21","date_gmt":"2025-12-24T06:15:21","guid":{"rendered":"https:\/\/www.egemtv.com\/?p=76207"},"modified":"2025-12-24T09:15:21","modified_gmt":"2025-12-24T06:15:21","slug":"soke-belediyesi-ihtiyac-sahiplerine-destek-oluyor","status":"publish","type":"post","link":"https:\/\/www.egemtv.com\/?p=76207","title":{"rendered":"S\u00f6ke Belediyesi, ihtiya\u00e7 sahiplerine destek oluyor"},"content":{"rendered":"<p>S\u00f6ke Belediyesi Sosyal Hizmetler M\u00fcd\u00fcrl\u00fc\u011f\u00fc, 2025 y\u0131l\u0131 boyunca ihtiya\u00e7 sahibi vatanda\u015flara y\u00f6nelik sosyal destek \u00e7al\u0131\u015fmalar\u0131n\u0131 aral\u0131ks\u0131z s\u00fcrd\u00fcrd\u00fc. Belediye, g\u0131da yard\u0131mlar\u0131n\u0131n yan\u0131 s\u0131ra medikal destekler ve sosyal hizmetlerle dar gelirli ailelerin yan\u0131nda olmaya devam etti. Ayr\u0131ca m\u00fcd\u00fcrl\u00fc\u011fe ba\u011fl\u0131 Giysi Bank arac\u0131l\u0131\u011f\u0131yla vatanda\u015flara k\u0131yafet deste\u011fi sa\u011fland\u0131.<\/p>\n<p>Y\u0131l i\u00e7erisinde belediye taraf\u0131ndan haz\u0131rlanan g\u0131da kolileri 757 haneye ula\u015ft\u0131r\u0131l\u0131rken, belediyenin kendi \u00fcretimi olan bu\u011fdaydan elde edilen unlar ise 2 bin 20 haneye da\u011f\u0131t\u0131ld\u0131. Temel g\u0131da ihtiya\u00e7lar\u0131n\u0131n kar\u015f\u0131lanmas\u0131na y\u00f6nelik bu destekler, bir\u00e7ok ailenin y\u00fcz\u00fcn\u00fc g\u00fcld\u00fcrd\u00fc. Sosyal hizmet \u00e7al\u0131\u015fmalar\u0131 yaln\u0131zca g\u0131da yard\u0131mlar\u0131yla s\u0131n\u0131rl\u0131 kalmad\u0131. 2025 y\u0131l\u0131 i\u00e7erisinde 3 vatanda\u015fa tekerlekli sandalye deste\u011fi sa\u011flan\u0131rken, 4 haneye ise \u00e7e\u015fitli medikal ve t\u0131bbi malzeme yard\u0131m\u0131 yap\u0131ld\u0131. Di\u011fer yandan ba\u015far\u0131l\u0131 bir \u015fekilde faaliyetlerini s\u00fcrd\u00fcren Giysi Bank\u2019a ba\u011f\u0131\u015flanan k\u0131yafetler ihtiya\u00e7 sahiplerine ula\u015ft\u0131r\u0131ld\u0131. Giysi Bank\u2019tan y\u0131l boyunca bin 158 ki\u015fi k\u0131yafet temin etti.<\/p>\n<p>S\u00f6ke Belediyesi taraf\u0131ndan k\u0131sa s\u00fcre \u00f6nce ba\u015flat\u0131lan \u00fccretsiz diyetisyen ve psikolog hizmetleri de vatanda\u015flardan yo\u011fun ilgi g\u00f6rd\u00fc. Belediye diyetisyeninden 103 vatanda\u015f beslenme ve diyet deste\u011fi al\u0131rken, 16 vatanda\u015f ise psikolojik dan\u0131\u015fmanl\u0131k hizmetinden faydaland\u0131. Ayr\u0131ca Sosyal Hizmetler M\u00fcd\u00fcrl\u00fc\u011f\u00fc\u2019ne 2025 y\u0131l\u0131nda gelen toplam 2 Bin 945 adet istek \u015fik\u00e2yet yan\u0131tlan\u0131p ve \u00e7\u00f6z\u00fcme ula\u015ft\u0131r\u0131ld\u0131.<\/p>\n<p>S\u00f6ke Belediye Ba\u015fkan\u0131 Dr. Mustafa \u0130berya Ar\u0131kan, sosyal belediyecilik anlay\u0131\u015f\u0131yla hareket ettiklerini vurgulayarak, ihtiya\u00e7 sahibi vatanda\u015flar\u0131n ya\u015fam \u015fartlar\u0131n\u0131 iyile\u015ftirmeye y\u00f6nelik desteklerin \u00f6n\u00fcm\u00fczdeki d\u00f6nemlerde de artarak devam edece\u011fini ifade etti.<br \/><\/p>\n","protected":false},"excerpt":{"rendered":"<p>S\u00f6ke Belediyesi Sosyal Hizmetler M\u00fcd\u00fcrl\u00fc\u011f\u00fc, 2025 y\u0131l\u0131 boyunca ihtiya\u00e7 sahibi vatanda\u015flara y\u00f6nelik sosyal destek \u00e7al\u0131\u015fmalar\u0131n\u0131 aral\u0131ks\u0131z s\u00fcrd\u00fcrd\u00fc. Belediye, g\u0131da yard\u0131mlar\u0131n\u0131n yan\u0131 s\u0131ra medikal destekler ve sosyal hizmetlerle dar gelirli ailelerin yan\u0131nda olmaya devam etti. Ayr\u0131ca m\u00fcd\u00fcrl\u00fc\u011fe ba\u011fl\u0131 Giysi Bank arac\u0131l\u0131\u011f\u0131yla vatanda\u015flara k\u0131yafet deste\u011fi sa\u011fland\u0131. Y\u0131l i\u00e7erisinde belediye taraf\u0131ndan haz\u0131rlanan g\u0131da kolileri 757 haneye ula\u015ft\u0131r\u0131l\u0131rken, belediyenin&#8230;<\/p>\n","protected":false},"author":1,"featured_media":76208,"comment_status":"open","ping_status":"open","sticky":false,"template":"","format":"standard","meta":{"_crdt_document":"","footnotes":""},"categories":[1],"tags":[],"class_list":["post-76207","post","type-post","status-publish","format-standard","has-post-thumbnail","hentry","category-guncel"],"_links":{"self":[{"href":"https:\/\/www.egemtv.com\/index.php?rest_route=\/wp\/v2\/posts\/76207","targetHints":{"allow":["GET"]}}],"collection":[{"href":"https:\/\/www.egemtv.com\/index.php?rest_route=\/wp\/v2\/posts"}],"about":[{"href":"https:\/\/www.egemtv.com\/index.php?rest_route=\/wp\/v2\/types\/post"}],"author":[{"embeddable":true,"href":"https:\/\/www.egemtv.com\/index.php?rest_route=\/wp\/v2\/users\/1"}],"replies":[{"embeddable":true,"href":"https:\/\/www.egemtv.com\/index.php?rest_route=%2Fwp%2Fv2%2Fcomments&post=76207"}],"version-history":[{"count":1,"href":"https:\/\/www.egemtv.com\/index.php?rest_route=\/wp\/v2\/posts\/76207\/revisions"}],"predecessor-version":[{"id":76209,"href":"https:\/\/www.egemtv.com\/index.php?rest_route=\/wp\/v2\/posts\/76207\/revisions\/76209"}],"wp:featuredmedia":[{"embeddable":true,"href":"https:\/\/www.egemtv.com\/index.php?rest_route=\/wp\/v2\/media\/76208"}],"wp:attachment":[{"href":"https:\/\/www.egemtv.com\/index.php?rest_route=%2Fwp%2Fv2%2Fmedia&parent=76207"}],"wp:term":[{"taxonomy":"category","embeddable":true,"href":"https:\/\/www.egemtv.com\/index.php?rest_route=%2Fwp%2Fv2%2Fcategories&post=76207"},{"taxonomy":"post_tag","embeddable":true,"href":"https:\/\/www.egemtv.com\/index.php?rest_route=%2Fwp%2Fv2%2Ftags&post=76207"}],"curies":[{"name":"wp","href":"https:\/\/api.w.org\/{rel}","templated":true}]}}