{"id":76204,"date":"2025-12-24T09:15:20","date_gmt":"2025-12-24T06:15:20","guid":{"rendered":"https:\/\/www.egemtv.com\/?p=76204"},"modified":"2025-12-24T09:15:21","modified_gmt":"2025-12-24T06:15:21","slug":"kusadasinda-yunus-baligi-karaya-vurdu","status":"publish","type":"post","link":"https:\/\/www.egemtv.com\/?p=76204","title":{"rendered":"Ku\u015fadas\u0131\u2019nda yunus bal\u0131\u011f\u0131 karaya vurdu"},"content":{"rendered":"<p>Ayd\u0131n\u2019\u0131n Ku\u015fadas\u0131 il\u00e7esinde sahile telef olmu\u015f T\u0131rtak t\u00fcr\u00fc Yunus bal\u0131\u011f\u0131 vurdu.<br \/>\n<br \/>Ku\u015fadas\u0131 G\u00fczel\u00e7aml\u0131 sahilinde kumsala bir yunusun vurdu\u011fu ihbar\u0131 geldi. Yap\u0131lan ihbar\u0131n ard\u0131ndan b\u00f6lgeye giden Ekosistemi Koruma ve Do\u011fa Sevenler Derne\u011fi yetkilileri, Yunus \u00fczerinde yapt\u0131klar\u0131 incelemelerde, 138 santimetre boyutunda bilimsel ad\u0131 Delphinus delphis t\u00fcr\u00fc juvenil bir birey oldu\u011fu tespit edildi. Yap\u0131lan kontrollerde bir g\u00f6z\u00fcnde ve alt \u00e7enesinde delinmi\u015f bir doku tahribat\u0131 oldu\u011fu g\u00f6r\u00fcld\u00fc. Yunusun hedef d\u0131\u015f\u0131 av olarak a\u011flara yakaland\u0131\u011f\u0131 ve nefes almak i\u00e7in su y\u00fczeyine \u00e7\u0131kamad\u0131\u011f\u0131ndan bo\u011fuldu\u011fu tahmin ediliyor.<br \/>\n<br \/>EKODOSD Ba\u015fkan\u0131 Bahattin S\u00fcr\u00fcc\u00fc, &#8220;Bu canl\u0131lar\u0131n 30-40 y\u0131l ya\u015fad\u0131\u011f\u0131 ve 2-3 metreye kadar b\u00fcy\u00fcd\u00fc\u011f\u00fc bilinmektedir. Ayr\u0131ca Akdeniz genelinde T\u0131rtak t\u00fcr\u00fc yunuslar\u0131n azald\u0131\u011f\u0131 bilimsel \u00e7al\u0131\u015fmalardan g\u00f6r\u00fcl\u00fcyor. Bu anlamda biyolojik \u00e7e\u015fitlilik a\u00e7\u0131s\u0131ndan Ku\u015fadas\u0131 K\u00f6rfezi ve  Milli Park\u0131n bulundu\u011fu Dilek Bo\u011faz\u0131 T\u0131rtak t\u00fcr\u00fc yunuslar i\u00e7in \u00e7ok \u00f6nemlidir. Zaman zaman yavru yunus \u00f6l\u00fcmlerinden de bu b\u00f6lgede yavrulad\u0131klar\u0131 ve besin bulabildikleri anla\u015f\u0131l\u0131yor. Yunuslar\u0131n a\u015f\u0131r\u0131 bal\u0131k avl\u0131yor d\u00fc\u015f\u00fcncesi pek do\u011fru de\u011fildir.  Bu hayvanlar besin piramidinin en \u00fcst s\u0131ras\u0131nda yer almas\u0131 nedeniyle ya\u015fad\u0131\u011f\u0131 b\u00f6lgelerde deniz ekosisteminin sa\u011fl\u0131kl\u0131 oldu\u011funun da bir g\u00f6stergesidir. Bu canl\u0131lar Ulusal ve Uluslararas\u0131 anla\u015fmalarla koruma alt\u0131nda olup insan kaynakl\u0131 olarak tehdit alt\u0131ndad\u0131r.<br \/>\n<br \/>Bu konuda T\u00dcDAV (T\u00fcrk Deniz Ara\u015ft\u0131rmalar\u0131 Vakf\u0131) ve DMAD (Deniz Memelileri Derne\u011fi) gibi uzman kurulu\u015flarla da i\u015fbirli\u011fi yapmaktay\u0131z. \u00d6len yunusla ilgili \u00f6l\u00e7\u00fcmleri ve alm\u0131\u015f oldu\u011fumuz doku \u00f6rneklerini T\u00dcDAV\u2019a g\u00f6nderiyoruz&#8221; diye konu\u015ftu.<br \/><\/p>\n","protected":false},"excerpt":{"rendered":"<p>Ayd\u0131n\u2019\u0131n Ku\u015fadas\u0131 il\u00e7esinde sahile telef olmu\u015f T\u0131rtak t\u00fcr\u00fc Yunus bal\u0131\u011f\u0131 vurdu. Ku\u015fadas\u0131 G\u00fczel\u00e7aml\u0131 sahilinde kumsala bir yunusun vurdu\u011fu ihbar\u0131 geldi. Yap\u0131lan ihbar\u0131n ard\u0131ndan b\u00f6lgeye giden Ekosistemi Koruma ve Do\u011fa Sevenler Derne\u011fi yetkilileri, Yunus \u00fczerinde yapt\u0131klar\u0131 incelemelerde, 138 santimetre boyutunda bilimsel ad\u0131 Delphinus delphis t\u00fcr\u00fc juvenil bir birey oldu\u011fu tespit edildi. Yap\u0131lan kontrollerde bir g\u00f6z\u00fcnde ve&#8230;<\/p>\n","protected":false},"author":1,"featured_media":76205,"comment_status":"open","ping_status":"open","sticky":false,"template":"","format":"standard","meta":{"_crdt_document":"","footnotes":""},"categories":[1],"tags":[],"class_list":["post-76204","post","type-post","status-publish","format-standard","has-post-thumbnail","hentry","category-guncel"],"_links":{"self":[{"href":"https:\/\/www.egemtv.com\/index.php?rest_route=\/wp\/v2\/posts\/76204","targetHints":{"allow":["GET"]}}],"collection":[{"href":"https:\/\/www.egemtv.com\/index.php?rest_route=\/wp\/v2\/posts"}],"about":[{"href":"https:\/\/www.egemtv.com\/index.php?rest_route=\/wp\/v2\/types\/post"}],"author":[{"embeddable":true,"href":"https:\/\/www.egemtv.com\/index.php?rest_route=\/wp\/v2\/users\/1"}],"replies":[{"embeddable":true,"href":"https:\/\/www.egemtv.com\/index.php?rest_route=%2Fwp%2Fv2%2Fcomments&post=76204"}],"version-history":[{"count":1,"href":"https:\/\/www.egemtv.com\/index.php?rest_route=\/wp\/v2\/posts\/76204\/revisions"}],"predecessor-version":[{"id":76206,"href":"https:\/\/www.egemtv.com\/index.php?rest_route=\/wp\/v2\/posts\/76204\/revisions\/76206"}],"wp:featuredmedia":[{"embeddable":true,"href":"https:\/\/www.egemtv.com\/index.php?rest_route=\/wp\/v2\/media\/76205"}],"wp:attachment":[{"href":"https:\/\/www.egemtv.com\/index.php?rest_route=%2Fwp%2Fv2%2Fmedia&parent=76204"}],"wp:term":[{"taxonomy":"category","embeddable":true,"href":"https:\/\/www.egemtv.com\/index.php?rest_route=%2Fwp%2Fv2%2Fcategories&post=76204"},{"taxonomy":"post_tag","embeddable":true,"href":"https:\/\/www.egemtv.com\/index.php?rest_route=%2Fwp%2Fv2%2Ftags&post=76204"}],"curies":[{"name":"wp","href":"https:\/\/api.w.org\/{rel}","templated":true}]}}