{"id":76201,"date":"2025-12-24T09:15:19","date_gmt":"2025-12-24T06:15:19","guid":{"rendered":"https:\/\/www.egemtv.com\/?p=76201"},"modified":"2025-12-24T09:15:20","modified_gmt":"2025-12-24T06:15:20","slug":"baskan-gencay-mavisehir-hak-ettigi-degere-kavusacak","status":"publish","type":"post","link":"https:\/\/www.egemtv.com\/?p=76201","title":{"rendered":"Ba\u015fkan Gen\u00e7ay: &#8220;Mavi\u015fehir hak etti\u011fi de\u011fere kavu\u015facak&#8221;"},"content":{"rendered":"<p>Didim Belediye Ba\u015fkan\u0131 Hatice Gen\u00e7ay, kentin ya\u015fam kalitesini art\u0131rmaya y\u00f6nelik projelerine aral\u0131ks\u0131z devam ediyor. Mavi\u015fehir Mahallesi pazaryeri ve \u00e7evresini kapsayan kapsaml\u0131 yenileme projesi hayata ge\u00e7iriliyor. B\u00f6lgenin \u00e7ehresini de\u011fi\u015ftirecek projede \u00e7al\u0131\u015fmalar ba\u015flad\u0131.<\/p>\n<p>Didim Belediyesi taraf\u0131ndan y\u00fcr\u00fct\u00fclen proje; bisiklet yolu, y\u00fcr\u00fcy\u00fc\u015f yolu, dinlenme alanlar\u0131, \u00e7ocuk oyun alanlar\u0131, spor alanlar\u0131 ve hizmet alanlar\u0131n\u0131 kapsayan \u00e7ok y\u00f6nl\u00fc bir d\u00fczenlemeyi i\u00e7eriyor. Modern kent ya\u015fam\u0131na uygun olarak planlanan proje ile Mavi\u015fehir Mahallesi\u2019nin hem sosyal hem de estetik a\u00e7\u0131dan \u00f6nemli bir kazan\u0131m elde etmesi hedefleniyor.<br \/>\n<br \/>Projede ayr\u0131ca peyzaj d\u00fczenlemeleri, otopark alanlar\u0131 ve kald\u0131r\u0131m \u00e7al\u0131\u015fmalar\u0131 yer al\u0131rken, b\u00f6lgeye g\u00f6rsel zenginlik kazand\u0131racak ye\u015fil alanlar da olu\u015fturulacak. Halk\u0131m\u0131z\u0131n g\u00fcvenli, konforlu ve keyifli vakit ge\u00e7irebilece\u011fi alanlar\u0131n art\u0131r\u0131lmas\u0131yla birlikte, mahalledeki ya\u015fam standard\u0131n\u0131n y\u00fckseltilmesi ama\u00e7lan\u0131yor.<br \/>\n<br \/>\u00c7al\u0131\u015fmalarla ilgili de\u011ferlendirmede bulunan Didim Belediye Ba\u015fkan\u0131 Hatice Gen\u00e7ay, &#8220;Didim\u2019imizin her mahallesini e\u015fit hizmet anlay\u0131\u015f\u0131yla ele al\u0131yoruz. Mavi\u015fehir Mahallemiz, sahip oldu\u011fu potansiyel ile hak etti\u011fi de\u011fere kavu\u015fuyor. Hayata ge\u00e7irdi\u011fimiz bu proje ile mahallemizi daha ya\u015fanabilir, daha modern ve daha estetik bir g\u00f6r\u00fcn\u00fcme kavu\u015fturaca\u011f\u0131z. Halk\u0131m\u0131z\u0131n sosyal ya\u015fam\u0131na katk\u0131 sunacak bu \u00e7al\u0131\u015fmalar\u0131m\u0131z\u0131 en k\u0131sa s\u00fcrede tamamlamay\u0131 hedefliyoruz&#8221; dedi.<br \/><\/p>\n","protected":false},"excerpt":{"rendered":"<p>Didim Belediye Ba\u015fkan\u0131 Hatice Gen\u00e7ay, kentin ya\u015fam kalitesini art\u0131rmaya y\u00f6nelik projelerine aral\u0131ks\u0131z devam ediyor. Mavi\u015fehir Mahallesi pazaryeri ve \u00e7evresini kapsayan kapsaml\u0131 yenileme projesi hayata ge\u00e7iriliyor. B\u00f6lgenin \u00e7ehresini de\u011fi\u015ftirecek projede \u00e7al\u0131\u015fmalar ba\u015flad\u0131. Didim Belediyesi taraf\u0131ndan y\u00fcr\u00fct\u00fclen proje; bisiklet yolu, y\u00fcr\u00fcy\u00fc\u015f yolu, dinlenme alanlar\u0131, \u00e7ocuk oyun alanlar\u0131, spor alanlar\u0131 ve hizmet alanlar\u0131n\u0131 kapsayan \u00e7ok y\u00f6nl\u00fc bir d\u00fczenlemeyi&#8230;<\/p>\n","protected":false},"author":1,"featured_media":76202,"comment_status":"open","ping_status":"open","sticky":false,"template":"","format":"standard","meta":{"_crdt_document":"","footnotes":""},"categories":[1],"tags":[],"class_list":["post-76201","post","type-post","status-publish","format-standard","has-post-thumbnail","hentry","category-guncel"],"_links":{"self":[{"href":"https:\/\/www.egemtv.com\/index.php?rest_route=\/wp\/v2\/posts\/76201","targetHints":{"allow":["GET"]}}],"collection":[{"href":"https:\/\/www.egemtv.com\/index.php?rest_route=\/wp\/v2\/posts"}],"about":[{"href":"https:\/\/www.egemtv.com\/index.php?rest_route=\/wp\/v2\/types\/post"}],"author":[{"embeddable":true,"href":"https:\/\/www.egemtv.com\/index.php?rest_route=\/wp\/v2\/users\/1"}],"replies":[{"embeddable":true,"href":"https:\/\/www.egemtv.com\/index.php?rest_route=%2Fwp%2Fv2%2Fcomments&post=76201"}],"version-history":[{"count":1,"href":"https:\/\/www.egemtv.com\/index.php?rest_route=\/wp\/v2\/posts\/76201\/revisions"}],"predecessor-version":[{"id":76203,"href":"https:\/\/www.egemtv.com\/index.php?rest_route=\/wp\/v2\/posts\/76201\/revisions\/76203"}],"wp:featuredmedia":[{"embeddable":true,"href":"https:\/\/www.egemtv.com\/index.php?rest_route=\/wp\/v2\/media\/76202"}],"wp:attachment":[{"href":"https:\/\/www.egemtv.com\/index.php?rest_route=%2Fwp%2Fv2%2Fmedia&parent=76201"}],"wp:term":[{"taxonomy":"category","embeddable":true,"href":"https:\/\/www.egemtv.com\/index.php?rest_route=%2Fwp%2Fv2%2Fcategories&post=76201"},{"taxonomy":"post_tag","embeddable":true,"href":"https:\/\/www.egemtv.com\/index.php?rest_route=%2Fwp%2Fv2%2Ftags&post=76201"}],"curies":[{"name":"wp","href":"https:\/\/api.w.org\/{rel}","templated":true}]}}