{"id":76198,"date":"2025-12-24T08:54:39","date_gmt":"2025-12-24T05:54:39","guid":{"rendered":"https:\/\/www.egemtv.com\/?p=76198"},"modified":"2025-12-24T08:54:40","modified_gmt":"2025-12-24T05:54:40","slug":"kusadasi-belediyesi-kente-modern-ve-konforlu-yollar-kazandiriyor","status":"publish","type":"post","link":"https:\/\/www.egemtv.com\/?p=76198","title":{"rendered":"Ku\u015fadas\u0131 Belediyesi kente modern ve konforlu yollar kazand\u0131r\u0131yor"},"content":{"rendered":"<p>Ku\u015fadas\u0131 Belediyesi, kent genelinde s\u00fcrd\u00fcrd\u00fc\u011f\u00fc yol yenileme \u00e7al\u0131\u015fmalar\u0131na \u0130ki\u00e7e\u015fmelik Mahallesi\u2019nde devam ediyor.<\/p>\n<p>Fen \u0130\u015fleri M\u00fcd\u00fcrl\u00fc\u011f\u00fc ekipleri, Damlac\u0131k Yolu Sokak\u2019ta bulunan yakla\u015f\u0131k 2 bin 500 metrekarelik alan\u0131 kilit parke ta\u015f\u0131yla kapl\u0131yor. Ba\u015fkan \u00d6mer G\u00fcnel\u2019in g\u00f6reve gelmesinin ard\u0131ndan Ku\u015fadas\u0131 Belediyesi\u2019nin yapt\u0131\u011f\u0131 yat\u0131r\u0131mlar sayesinde alt ve \u00fcstyap\u0131yla ilgili k\u00f6kl\u00fc sorunlar\u0131 \u00e7\u00f6z\u00fcme kavu\u015fan \u0130ki\u00e7e\u015fmelik Mahallesi\u2019nde yol yap\u0131m \u00e7al\u0131\u015fmalar\u0131 h\u0131z kesmiyor. Bu kapsamda Fen \u0130\u015fleri M\u00fcd\u00fcrl\u00fc\u011f\u00fc\u2019ne ba\u011fl\u0131 ekipler Damlac\u0131k Yolu Sokak\u2019ta kilit parke ta\u015f\u0131 imalat\u0131 ger\u00e7ekle\u015ftiriyor. K\u0131sa s\u00fcrede tamamlanacak \u00e7al\u0131\u015fman\u0131n ard\u0131ndan \u0130ki\u00e7e\u015fmelik Mahallesi toplam 2 bin 500 metrekare yeni yola kavu\u015facak. Yol yap\u0131m \u00e7al\u0131\u015fmalar\u0131n\u0131 memnuniyetle kar\u015f\u0131layan mahalle sakinleri, Ba\u015fkan \u00d6mer G\u00fcnel\u2019e te\u015fekk\u00fcr etti.<br \/><\/p>\n","protected":false},"excerpt":{"rendered":"<p>Ku\u015fadas\u0131 Belediyesi, kent genelinde s\u00fcrd\u00fcrd\u00fc\u011f\u00fc yol yenileme \u00e7al\u0131\u015fmalar\u0131na \u0130ki\u00e7e\u015fmelik Mahallesi\u2019nde devam ediyor. Fen \u0130\u015fleri M\u00fcd\u00fcrl\u00fc\u011f\u00fc ekipleri, Damlac\u0131k Yolu Sokak\u2019ta bulunan yakla\u015f\u0131k 2 bin 500 metrekarelik alan\u0131 kilit parke ta\u015f\u0131yla kapl\u0131yor. Ba\u015fkan \u00d6mer G\u00fcnel\u2019in g\u00f6reve gelmesinin ard\u0131ndan Ku\u015fadas\u0131 Belediyesi\u2019nin yapt\u0131\u011f\u0131 yat\u0131r\u0131mlar sayesinde alt ve \u00fcstyap\u0131yla ilgili k\u00f6kl\u00fc sorunlar\u0131 \u00e7\u00f6z\u00fcme kavu\u015fan \u0130ki\u00e7e\u015fmelik Mahallesi\u2019nde yol yap\u0131m \u00e7al\u0131\u015fmalar\u0131 h\u0131z&#8230;<\/p>\n","protected":false},"author":1,"featured_media":76199,"comment_status":"open","ping_status":"open","sticky":false,"template":"","format":"standard","meta":{"_crdt_document":"","footnotes":""},"categories":[1],"tags":[],"class_list":["post-76198","post","type-post","status-publish","format-standard","has-post-thumbnail","hentry","category-guncel"],"_links":{"self":[{"href":"https:\/\/www.egemtv.com\/index.php?rest_route=\/wp\/v2\/posts\/76198","targetHints":{"allow":["GET"]}}],"collection":[{"href":"https:\/\/www.egemtv.com\/index.php?rest_route=\/wp\/v2\/posts"}],"about":[{"href":"https:\/\/www.egemtv.com\/index.php?rest_route=\/wp\/v2\/types\/post"}],"author":[{"embeddable":true,"href":"https:\/\/www.egemtv.com\/index.php?rest_route=\/wp\/v2\/users\/1"}],"replies":[{"embeddable":true,"href":"https:\/\/www.egemtv.com\/index.php?rest_route=%2Fwp%2Fv2%2Fcomments&post=76198"}],"version-history":[{"count":1,"href":"https:\/\/www.egemtv.com\/index.php?rest_route=\/wp\/v2\/posts\/76198\/revisions"}],"predecessor-version":[{"id":76200,"href":"https:\/\/www.egemtv.com\/index.php?rest_route=\/wp\/v2\/posts\/76198\/revisions\/76200"}],"wp:featuredmedia":[{"embeddable":true,"href":"https:\/\/www.egemtv.com\/index.php?rest_route=\/wp\/v2\/media\/76199"}],"wp:attachment":[{"href":"https:\/\/www.egemtv.com\/index.php?rest_route=%2Fwp%2Fv2%2Fmedia&parent=76198"}],"wp:term":[{"taxonomy":"category","embeddable":true,"href":"https:\/\/www.egemtv.com\/index.php?rest_route=%2Fwp%2Fv2%2Fcategories&post=76198"},{"taxonomy":"post_tag","embeddable":true,"href":"https:\/\/www.egemtv.com\/index.php?rest_route=%2Fwp%2Fv2%2Ftags&post=76198"}],"curies":[{"name":"wp","href":"https:\/\/api.w.org\/{rel}","templated":true}]}}