{"id":76180,"date":"2025-12-23T17:55:32","date_gmt":"2025-12-23T14:55:32","guid":{"rendered":"https:\/\/www.egemtv.com\/?p=76180"},"modified":"2025-12-23T17:55:33","modified_gmt":"2025-12-23T14:55:33","slug":"manisada-15-ton-atik-ilac-dogaya-karismadan-imha-edildi","status":"publish","type":"post","link":"https:\/\/www.egemtv.com\/?p=76180","title":{"rendered":"Manisa\u2019da 15 ton at\u0131k ila\u00e7 do\u011faya kar\u0131\u015fmadan imha edildi"},"content":{"rendered":"<p>Manisa B\u00fcy\u00fck\u015fehir Belediyesi ile Manisa Eczac\u0131lar Odas\u0131 i\u015f birli\u011finde, at\u0131k ila\u00e7lar\u0131n \u00e7evreye zarar vermeden bertaraf edilmesi amac\u0131yla protokol imzaland\u0131. Protokol kapsam\u0131nda il genelindeki eczanelerden toplanan yakla\u015f\u0131k 15 ton at\u0131k ila\u00e7, uygun \u015fartlarda imha edildi.<br \/>\n<br \/>Manisa B\u00fcy\u00fck\u015fehir Belediyesi, &#8220;S\u0131f\u0131r At\u0131k&#8221; vizyonu do\u011frultusunda \u00e7evre kirlili\u011fini \u00f6nlemek amac\u0131yla dev bir ad\u0131ma imza att\u0131. Manisa B\u00fcy\u00fck\u015fehir Belediye Ba\u015fkan\u0131 Besim Dutlulu ile Manisa Eczac\u0131 Odas\u0131 Ba\u015fkan\u0131 Duygu Elmas Mutlu aras\u0131nda imzalanan protokol kapsam\u0131nda, il genelindeki eczanelerden toplanan yakla\u015f\u0131k 15 ton son kullanma tarihleri ge\u00e7mi\u015f olan at\u0131k ila\u00e7lar, \u00e7evreye zarar vermeden bertaraf edildi. Manisa B\u00fcy\u00fck\u015fehir Belediyesi \u0130klim De\u011fi\u015fikli\u011fi ve S\u0131f\u0131r At\u0131k Dairesi Ba\u015fkanl\u0131\u011f\u0131 koordinesinde y\u00fcr\u00fct\u00fclen \u00e7al\u0131\u015fmada, eczanelerden toplanan at\u0131klar \u00f6zel ekiplerce teslim al\u0131nd\u0131. \u00c7evre lisansl\u0131 bertaraf tesislerine nakledilen ila\u00e7lar, y\u00fcksek standartlarda imha edilerek yer alt\u0131 sular\u0131na ve topra\u011fa kar\u0131\u015fmas\u0131 engellendi.<br \/>\n<br \/>\u0130klim De\u011fi\u015fikli\u011fi ve S\u0131f\u0131r At\u0131k Daire Ba\u015fkanl\u0131\u011f\u0131 yetkilileri, at\u0131k ila\u00e7lar\u0131n kontrols\u00fcz \u015fekilde \u00e7\u00f6pe at\u0131lmas\u0131n\u0131n veya do\u011faya b\u0131rak\u0131lmas\u0131n\u0131n ciddi \u00e7evresel riskler olu\u015fturdu\u011funa dikkat \u00e7ekerek, bu t\u00fcr i\u015f birliklerinin \u00f6nemine vurgu yapt\u0131. Protokol\u00fcn, \u00e7evre bilincinin art\u0131r\u0131lmas\u0131na ve s\u00fcrd\u00fcr\u00fclebilir bir gelecek hedeflerine katk\u0131 sa\u011flad\u0131\u011f\u0131 ifade edildi.<br \/><\/p>\n","protected":false},"excerpt":{"rendered":"<p>Manisa B\u00fcy\u00fck\u015fehir Belediyesi ile Manisa Eczac\u0131lar Odas\u0131 i\u015f birli\u011finde, at\u0131k ila\u00e7lar\u0131n \u00e7evreye zarar vermeden bertaraf edilmesi amac\u0131yla protokol imzaland\u0131. Protokol kapsam\u0131nda il genelindeki eczanelerden toplanan yakla\u015f\u0131k 15 ton at\u0131k ila\u00e7, uygun \u015fartlarda imha edildi. Manisa B\u00fcy\u00fck\u015fehir Belediyesi, &#8220;S\u0131f\u0131r At\u0131k&#8221; vizyonu do\u011frultusunda \u00e7evre kirlili\u011fini \u00f6nlemek amac\u0131yla dev bir ad\u0131ma imza att\u0131. Manisa B\u00fcy\u00fck\u015fehir Belediye Ba\u015fkan\u0131 Besim&#8230;<\/p>\n","protected":false},"author":1,"featured_media":76181,"comment_status":"open","ping_status":"open","sticky":false,"template":"","format":"standard","meta":{"_crdt_document":"","footnotes":""},"categories":[123],"tags":[],"class_list":["post-76180","post","type-post","status-publish","format-standard","has-post-thumbnail","hentry","category-gundem"],"_links":{"self":[{"href":"https:\/\/www.egemtv.com\/index.php?rest_route=\/wp\/v2\/posts\/76180","targetHints":{"allow":["GET"]}}],"collection":[{"href":"https:\/\/www.egemtv.com\/index.php?rest_route=\/wp\/v2\/posts"}],"about":[{"href":"https:\/\/www.egemtv.com\/index.php?rest_route=\/wp\/v2\/types\/post"}],"author":[{"embeddable":true,"href":"https:\/\/www.egemtv.com\/index.php?rest_route=\/wp\/v2\/users\/1"}],"replies":[{"embeddable":true,"href":"https:\/\/www.egemtv.com\/index.php?rest_route=%2Fwp%2Fv2%2Fcomments&post=76180"}],"version-history":[{"count":1,"href":"https:\/\/www.egemtv.com\/index.php?rest_route=\/wp\/v2\/posts\/76180\/revisions"}],"predecessor-version":[{"id":76182,"href":"https:\/\/www.egemtv.com\/index.php?rest_route=\/wp\/v2\/posts\/76180\/revisions\/76182"}],"wp:featuredmedia":[{"embeddable":true,"href":"https:\/\/www.egemtv.com\/index.php?rest_route=\/wp\/v2\/media\/76181"}],"wp:attachment":[{"href":"https:\/\/www.egemtv.com\/index.php?rest_route=%2Fwp%2Fv2%2Fmedia&parent=76180"}],"wp:term":[{"taxonomy":"category","embeddable":true,"href":"https:\/\/www.egemtv.com\/index.php?rest_route=%2Fwp%2Fv2%2Fcategories&post=76180"},{"taxonomy":"post_tag","embeddable":true,"href":"https:\/\/www.egemtv.com\/index.php?rest_route=%2Fwp%2Fv2%2Ftags&post=76180"}],"curies":[{"name":"wp","href":"https:\/\/api.w.org\/{rel}","templated":true}]}}