{"id":76177,"date":"2025-12-23T17:55:32","date_gmt":"2025-12-23T14:55:32","guid":{"rendered":"https:\/\/www.egemtv.com\/?p=76177"},"modified":"2025-12-23T17:55:32","modified_gmt":"2025-12-23T14:55:32","slug":"dtoda-is-insanlarina-yeni-bakis-acilari-anlatildi","status":"publish","type":"post","link":"https:\/\/www.egemtv.com\/?p=76177","title":{"rendered":"DTO\u2019da i\u015f insanlar\u0131na yeni bak\u0131\u015f a\u00e7\u0131lar\u0131 anlat\u0131ld\u0131"},"content":{"rendered":"<p>Denizli Ticaret Odas\u0131 (DTO), \u00fcnl\u00fc televizyon sunucusu Ekonomist Sami Alt\u0131nkaya ile Y\u00f6netim Dan\u0131\u015fman\u0131 Selma Akdo\u011fan\u2019\u0131, Meslek Komiteleri Ortak \u0130sti\u015fare Toplant\u0131s\u0131\u2019nda misafir etti. Sorunlara Yeni Nesil \u00c7\u00f6z\u00fcmler ve Fikir \u00dcretmenin Kurallar\u0131 ba\u015fl\u0131\u011f\u0131yla ger\u00e7ekle\u015ftirilen e\u011fitimde, DTO meclisi ve meslek komitesi \u00fcyeleri ile ailelerine seslenen konuklar, i\u015f d\u00fcnyas\u0131nda kar\u015f\u0131la\u015f\u0131lan sorunlara farkl\u0131 \u00e7\u00f6z\u00fcmler \u00fcretmenin yollar\u0131n\u0131 anlatt\u0131lar.<br \/>\n<br \/>Toplant\u0131n\u0131n a\u00e7\u0131\u015f konu\u015fmas\u0131n\u0131 yapan DTO Y\u00f6netim Kurulu Ba\u015fkan\u0131 U\u011fur Erdo\u011fan, Denizli ekonomisini ve i\u015f d\u00fcnyas\u0131n\u0131 geli\u015ftirmek i\u00e7in farkl\u0131 alanlarda yeni projelere imza att\u0131klar\u0131n\u0131 s\u00f6yledi. Ba\u015fkan Erdo\u011fan, &#8220;Denizli\u2019mizin ve sekt\u00f6rlerimizin geli\u015fimi i\u00e7in m\u00fccadele ediyoruz Denizli Ticaret Odas\u0131 olarak, \u00fcyelerimizi d\u00fcnyan\u0131n d\u00f6rt bir taraf\u0131ndaki fuarlara g\u00f6nderiyoruz. Amac\u0131m\u0131z, Denizli\u2019mizin ihracat\u0131n\u0131 daha da art\u0131rmak ve \u00fclke ekonomisine katk\u0131 sa\u011flamak. Denizli\u2019de teknik tekstilin geli\u015fmesi i\u00e7in haz\u0131rlad\u0131\u011f\u0131m\u0131z projemizle, Avrupa Birli\u011fi fonlar\u0131ndan 10 milyon euroya yak\u0131n destek ald\u0131k ve Denizli Teknik Tekstil Merkezimizi a\u00e7t\u0131k. Burada katma de\u011feri y\u00fcksek \u00fcr\u00fcnler \u00fcretip sekt\u00f6r\u00fcm\u00fcze yeni bir y\u00f6n \u00e7izmeyi ve ivme kazand\u0131rmay\u0131 hedefledik. \u0130limiz i\u00e7in farkl\u0131 projeler \u00fcretmeye, ayn\u0131 zamanda da mesleki ve ki\u015fisel geli\u015fim e\u011fitimleri vermeye, 2026 y\u0131l\u0131nda da devam edece\u011fiz&#8221; dedi.<br \/>\n<br \/>Ard\u0131ndan konu\u015fmac\u0131lar Alt\u0131nkaya ile Akdo\u011fan, Sorunlara Yeni Nesil \u00c7\u00f6z\u00fcmler ve Fikir \u00dcretmenin Kurallar\u0131 ile ilgili s\u00f6yle\u015fiyi ger\u00e7ekle\u015ftirdi.<br \/>\n<br \/>Akdo\u011fan: &#8220;Denizli i\u015f insanlar\u0131yla horoz metaforunu \u00f6zde\u015fle\u015ftiriyorum&#8221;<br \/>\n<br \/>Ekonomist Alt\u0131nkaya, &#8220;\u0130\u015fi yap\u0131yorum, \u00fcretiyorum, sat\u0131yorum; sorun yok. Ama tedarik\u00e7ilerimizden bir t\u00fcrl\u00fc paray\u0131 alam\u0131yorum. Neler yapmal\u0131y\u0131m?&#8221; sorusu ile konuya giri\u015f yapt\u0131.<br \/>\n<br \/>Y\u00f6netim Dan\u0131\u015fman\u0131 Akdo\u011fan ise \u00f6ncelikle sorunun tespit edilmesi gerekti\u011fini ifade etti. Akdo\u011fan, &#8220;\u0130\u015f d\u00fcnyas\u0131nda yanl\u0131\u015f yat\u0131r\u0131mlar, paray\u0131 do\u011fru y\u00f6netememek, insan\u0131 do\u011fru y\u00f6netememek gibi sorunlar \u00e7\u0131kabiliyor. \u00d6ncelikle hangi y\u00f6ne, nas\u0131l gidece\u011fimizi belirlememek bile b\u00fcy\u00fck s\u0131k\u0131nt\u0131 olu\u015fturuyor. Ancak Denizli \u00f6yle de\u011fil Ben, Denizli i\u015f insanlar\u0131yla horoz metaforunu \u00f6zde\u015fle\u015ftiriyorum. Erken kalkan, \u00e7ok \u00e7al\u0131\u015fkan, fark\u0131ndal\u0131\u011f\u0131 y\u00fcksek olan, zaman\u0131n\u0131 do\u011fru kullanan ve iyi planlayan, disiplinli insanlars\u0131n\u0131z. Denizli deyince en ba\u015fta \u00e7al\u0131\u015fkanl\u0131k, fark\u0131ndal\u0131k ile giri\u015fimcilik ve tabii ki havlu bornoz akl\u0131ma geliyor&#8221; dedi.<\/p>\n<p>Akdo\u011fan: &#8220;Hedeflerinizi \u00e7al\u0131\u015fanlar\u0131n\u0131zla belirleyin&#8221;<br \/>\n<br \/>Alt\u0131nkaya, Akdo\u011fan\u2019\u0131n b\u00fcy\u00fck global enerji yat\u0131r\u0131mlar\u0131nda g\u00f6rev yapt\u0131\u011f\u0131n\u0131 ve \u00f6nemli bir\u00e7ok \u015firkette yat\u0131r\u0131mlara y\u00f6n veren bir isim oldu\u011funu anlatt\u0131. Alt\u0131nkaya, &#8220;Kendisi, patronlar\u0131n hem \u00e7ok sevdi\u011fi hem de \u00e7ok k\u0131zd\u0131\u011f\u0131 bir isimdir. \u00c7\u00fcnk\u00fc patronun kar\u015f\u0131s\u0131nda masaya yumru\u011funu vurdu\u011funa da \u015fahit oldum. Asl\u0131nda y\u00f6neticilerimizi se\u00e7erken de buna dikkat etmeliyiz de\u011fil mi?&#8221; diye sordu.<br \/>\n<br \/>Y\u00f6netim Dan\u0131\u015fman\u0131 Akdo\u011fan ise &#8220;Bence bu \u00e7ok \u00f6nemli Y\u00f6neticileriniz elini masaya vurmuyorsa o y\u00f6netici asl\u0131nda de\u011fildir. Kusura bakmay\u0131n ama o sadece dalkavuktur. \u2018Hakl\u0131s\u0131n\u0131z efendim. \u00c7ok do\u011fru buyurdunuz efendim. Ben bunu nas\u0131l d\u00fc\u015f\u00fcnemedim efendim\u2019 diyen y\u00f6neticiyi, bir dakika \u015firketinizde tutmay\u0131n. Bence sizi yanl\u0131\u015f y\u00f6nlendirir. Oysaki y\u00f6netici, sizin ba\u015flatt\u0131\u011f\u0131n\u0131z giri\u015fimi, bayra\u011f\u0131 al\u0131p daha ileriye ta\u015f\u0131yacak, yeni fikirler \u00fcretecek ve a\u00e7\u0131l\u0131mlar yapacak ki\u015fidir. \u015eirketlerde \u00f6ncelikle stratejilerimizi belirlememiz gerekiyor&#8230; Benim i\u00e7in strateji, hayallerle ger\u00e7eklerin bir araya gelmesi ve gelecek i\u00e7in yol haritam\u0131z\u0131n belirlenmesi anlam\u0131na geliyor. Bu yol haritas\u0131n\u0131n 3 y\u0131ll\u0131k, 5 y\u0131ll\u0131k olmas\u0131 gerekir. Arkas\u0131ndan da hedeflerimizi ortaya koymam\u0131z laz\u0131m. Bir\u00e7ok \u015firkette bu hata yap\u0131l\u0131yor ve hedeflerimizi do\u011fru tan\u0131mlam\u0131yoruz. Ben bu yola girece\u011fim ama neyle gidece\u011fim, hangi ara\u00e7lar\u0131 kullanaca\u011f\u0131m, nelerle yol alaca\u011f\u0131m? T\u00fcm bunlar\u0131 iyi tan\u0131mlamal\u0131y\u0131z. Hatta o da yetmiyor. Bu tan\u0131mlamay\u0131, \u015firketinizdeki t\u00fcm \u00e7al\u0131\u015fanlar\u0131n\u0131zla birlikte yapman\u0131z\u0131 \u00f6neriyorum. \u00c7\u00fcnk\u00fc hepimizde bir beyin var. O beyinler ile ak\u0131llar bir araya geldik\u00e7e \u00e7o\u011fal\u0131yor. Bir art\u0131 bir iki de\u011fil \u00fc\u00e7, be\u015f, on bir bile yapar. Onun i\u00e7in hep beraber yapmay\u0131 ve hedefleri a\u015fa\u011f\u0131ya do\u011fru yaymay\u0131 \u00f6neriyorum. Onun arkas\u0131ndan da nakit ak\u0131\u015f\u0131 planlamas\u0131n\u0131 yapmam\u0131z gerekiyor. B\u00fct\u00e7e raporlama ger\u00e7ekten \u00e7ok \u00f6nemlidir&#8230; Biz \u015firketlerde ekim, kas\u0131m gibi y\u0131ll\u0131k i\u015f planlar\u0131m\u0131z\u0131 yap\u0131yoruz ve b\u00fct\u00e7elerimizi haz\u0131rl\u0131yoruz. Ayl\u0131k takip yap\u0131yorduk ama bug\u00fcn geldi\u011fimiz noktada \u00e7al\u0131\u015fanlar\u0131n ekranlar\u0131na sat\u0131\u015f hedeflerini g\u00fcnl\u00fck bildirebiliyoruz. Bunu, size de tavsiye ediyorum. Mutlaka bu sistemi kurun. Bu arada, e\u011fer varsa olursa sinirinizi \u00e7al\u0131\u015fanlar\u0131n\u0131zdan de\u011fil spordan \u00e7\u0131kar\u0131n. \u00c7al\u0131\u015fanlar\u0131n\u0131zla beraber iyi bir \u015fekilde, g\u00fczel bir ortamda \u00e7al\u0131\u015f\u0131n. Bu, verimi art\u0131r\u0131r&#8221; uyar\u0131s\u0131nda bulundu.<\/p>\n<p>Alt\u0131nkaya: &#8220;Bir art\u0131 bir, on bir olmal\u0131&#8221;<br \/>\n<br \/>Ekonomist Alt\u0131nkaya da \u00e7al\u0131\u015fanlarla birlikte hareket etmenin ve yap\u0131c\u0131 olman\u0131n \u00f6nemi ile i\u015f verimlili\u011fine katk\u0131s\u0131na dikkat \u00e7ekti. Alt\u0131nkaya, &#8220;Zaten bu toplant\u0131lardaki amac\u0131m\u0131z da bir art\u0131 biri yan yana getirip 11 yapabilmek. 11 oldu\u011fu zaman, katma de\u011ferli \u00fcretim ve yeni fikirler ortaya \u00e7\u0131k\u0131yor. Bizim ilk olarak sistem sorunumuz var; ikinci olarak da b\u00fcy\u00fck bir planlama sorunumuz. \u00d6rne\u011fin \u015firketin iyi genel m\u00fcd\u00fcr\u00fc ya da iyi finans m\u00fcd\u00fcr\u00fc o \u015firkete bankalardan ucuz faizli kredi bulan ve finans kayna\u011f\u0131 olu\u015fturan \u00e7al\u0131\u015fan olarak y\u00f6netici olarak g\u00f6r\u00fcl\u00fcyor. Halbuki b\u00f6yle olmamas\u0131 gerekiyor&#8221; diye konu\u015ftu.<\/p>\n<p>Akdo\u011fan: &#8220;Aile \u015firketleri sistemle \u00e7al\u0131\u015fmal\u0131&#8221;<br \/>\n<br \/>Akdo\u011fan, aile \u015firketlerinde i\u015f b\u00f6l\u00fcm\u00fcn\u00fcn de planlanmas\u0131 gerekti\u011finin alt\u0131n\u0131 \u00e7izdi. Akdo\u011fan, &#8220;Aile bireyleri, \u015firket i\u00e7inde farkl\u0131 g\u00f6revlerde bulunuyorlar ve bu ki\u015filer genelde bireysel \u00e7al\u0131\u015fmay\u0131 tercih ediyorlar. Yani b\u00fct\u00fcn bilgileri beyinlerinde topluyorlar ve bunu teknolojiye aktarm\u0131yorlar. Aile aras\u0131nda s\u0131k\u0131nt\u0131 oldu\u011funda da \u015firketin ge\u00e7mi\u015fe dair bilgilerini kaybediyorsunuz. Aile bireyleri, \u015firkette belli sistemlere ve prosed\u00fcrlere ba\u011fl\u0131 olarak \u00e7al\u0131\u015fmal\u0131d\u0131r. Ben bunu \u00f6zellikle ikinci ve \u00fc\u00e7\u00fcnc\u00fc nesiller i\u00e7in s\u00f6yl\u00fcyorum. Tabii ki her anne baba, \u00e7ocu\u011funun \u015firketi devam ettirmesini ister. Ancak size tavsiyem, \u00e7ocuklar\u0131n\u0131z\u0131 \u00f6nce ba\u015fka bir \u015firkette \u00e7al\u0131\u015ft\u0131r\u0131n. \u00c7ocuklar\u0131n\u0131z\u0131 mutlaka farkl\u0131 \u015firketlerde, \u00f6zellikle de kurumsal \u015firketlerde \u00e7al\u0131\u015fmaya te\u015fvik etti\u011finizde, orada \u00f6\u011frendiklerini sizin \u015firketinizde uygulayabilir hale gelirler. Aile \u015firketlerinde kurumsall\u0131k dedi\u011fim zaman hemen patronu i\u015ften \u00e7\u0131karma akla geliyor. Hay\u0131r; \u015firketi kuran her zaman \u015firketin ba\u015f\u0131nda olmal\u0131. Kar\u0131 koca ayn\u0131 \u015firkette \u00e7al\u0131\u015f\u0131yorsan\u0131z, eve girdikten sonra \u015firketi unutacaks\u0131n\u0131z ve evde i\u015f konu\u015fmayacaks\u0131n\u0131z. Bu \u00e7ocuklar i\u00e7in de ge\u00e7erli olmal\u0131. Maalesef T\u00fcrkiye\u2019de \u015firketlerin ortalama \u00f6mr\u00fc 12,5 sene ve ikinci ku\u015fa\u011fa devreden \u015firket say\u0131s\u0131 \u00e7ok az. Devredememenin en \u00f6nemli sorunu da sistem. Onun i\u00e7in de yaz\u0131l\u0131m ve teknoloji diyoruz. Teknolojiyi nas\u0131l kullan\u0131r\u0131z? \u0130\u015fimizi, yaz\u0131l\u0131ma nas\u0131l adapte ederiz? Bunlar\u0131, \u00e7ok iyi tan\u0131mlamak gerekiyor. \u00d6nce ka\u011f\u0131t \u00fczerinde tan\u0131mlamak, sonra da yaz\u0131l\u0131ma ge\u00e7irmek gerekiyor&#8221; dedi.<br \/>\n<br \/>\u0130kili, konferans\u0131n sonunda salondaki kat\u0131l\u0131mc\u0131lar\u0131n sorular\u0131n\u0131 da yan\u0131tlad\u0131.<br \/><\/p>\n","protected":false},"excerpt":{"rendered":"<p>Denizli Ticaret Odas\u0131 (DTO), \u00fcnl\u00fc televizyon sunucusu Ekonomist Sami Alt\u0131nkaya ile Y\u00f6netim Dan\u0131\u015fman\u0131 Selma Akdo\u011fan\u2019\u0131, Meslek Komiteleri Ortak \u0130sti\u015fare Toplant\u0131s\u0131\u2019nda misafir etti. Sorunlara Yeni Nesil \u00c7\u00f6z\u00fcmler ve Fikir \u00dcretmenin Kurallar\u0131 ba\u015fl\u0131\u011f\u0131yla ger\u00e7ekle\u015ftirilen e\u011fitimde, DTO meclisi ve meslek komitesi \u00fcyeleri ile ailelerine seslenen konuklar, i\u015f d\u00fcnyas\u0131nda kar\u015f\u0131la\u015f\u0131lan sorunlara farkl\u0131 \u00e7\u00f6z\u00fcmler \u00fcretmenin yollar\u0131n\u0131 anlatt\u0131lar. Toplant\u0131n\u0131n a\u00e7\u0131\u015f konu\u015fmas\u0131n\u0131&#8230;<\/p>\n","protected":false},"author":1,"featured_media":76178,"comment_status":"open","ping_status":"open","sticky":false,"template":"","format":"standard","meta":{"_crdt_document":"","footnotes":""},"categories":[125],"tags":[],"class_list":["post-76177","post","type-post","status-publish","format-standard","has-post-thumbnail","hentry","category-ekonomi"],"_links":{"self":[{"href":"https:\/\/www.egemtv.com\/index.php?rest_route=\/wp\/v2\/posts\/76177","targetHints":{"allow":["GET"]}}],"collection":[{"href":"https:\/\/www.egemtv.com\/index.php?rest_route=\/wp\/v2\/posts"}],"about":[{"href":"https:\/\/www.egemtv.com\/index.php?rest_route=\/wp\/v2\/types\/post"}],"author":[{"embeddable":true,"href":"https:\/\/www.egemtv.com\/index.php?rest_route=\/wp\/v2\/users\/1"}],"replies":[{"embeddable":true,"href":"https:\/\/www.egemtv.com\/index.php?rest_route=%2Fwp%2Fv2%2Fcomments&post=76177"}],"version-history":[{"count":1,"href":"https:\/\/www.egemtv.com\/index.php?rest_route=\/wp\/v2\/posts\/76177\/revisions"}],"predecessor-version":[{"id":76179,"href":"https:\/\/www.egemtv.com\/index.php?rest_route=\/wp\/v2\/posts\/76177\/revisions\/76179"}],"wp:featuredmedia":[{"embeddable":true,"href":"https:\/\/www.egemtv.com\/index.php?rest_route=\/wp\/v2\/media\/76178"}],"wp:attachment":[{"href":"https:\/\/www.egemtv.com\/index.php?rest_route=%2Fwp%2Fv2%2Fmedia&parent=76177"}],"wp:term":[{"taxonomy":"category","embeddable":true,"href":"https:\/\/www.egemtv.com\/index.php?rest_route=%2Fwp%2Fv2%2Fcategories&post=76177"},{"taxonomy":"post_tag","embeddable":true,"href":"https:\/\/www.egemtv.com\/index.php?rest_route=%2Fwp%2Fv2%2Ftags&post=76177"}],"curies":[{"name":"wp","href":"https:\/\/api.w.org\/{rel}","templated":true}]}}