{"id":76174,"date":"2025-12-23T17:34:40","date_gmt":"2025-12-23T14:34:40","guid":{"rendered":"https:\/\/www.egemtv.com\/?p=76174"},"modified":"2025-12-23T17:34:41","modified_gmt":"2025-12-23T14:34:41","slug":"izmirde-aranan-2-supheli-kiskivrak-yakalandi","status":"publish","type":"post","link":"https:\/\/www.egemtv.com\/?p=76174","title":{"rendered":"\u0130zmir\u2019de aranan 2 \u015f\u00fcpheli k\u0131sk\u0131vrak yakaland\u0131"},"content":{"rendered":"<p>\u0130zmir\u2019de polis ekiplerince aranan \u015f\u00fcphelilere y\u00f6nelik y\u00fcr\u00fct\u00fclen \u00e7al\u0131\u015fmalarda, Konak\u2019ta 16 y\u0131l hapis cezas\u0131 bulunan bir uyu\u015fturucu taciri, Karaba\u011flar\u2019da ise 10 y\u0131l hapis cezas\u0131 olan bir cinsel istismar su\u00e7lusu k\u0131sk\u0131vrak yakaland\u0131.<br \/>\n<br \/>Konak \u0130l\u00e7e Emniyet M\u00fcd\u00fcrl\u00fc\u011f\u00fc Su\u00e7 \u00d6nleme ve Soru\u015fturma B\u00fcro Amirli\u011fi ekipleri, 22 Aral\u0131k g\u00fcn\u00fc Basmane b\u00f6lgesinde ger\u00e7ekle\u015ftirdikleri denetimler s\u0131ras\u0131nda \u015f\u00fcpheli bir \u015fahs\u0131 durdurdu. G.A. (32) isimli \u015fahs\u0131n yap\u0131lan sorgulamas\u0131nda, \u2019uyu\u015fturucu ticareti yapma\u2019 su\u00e7undan hakk\u0131nda 16 y\u0131l 6 ay kesinle\u015fmi\u015f hapis cezas\u0131 oldu\u011fu tespit edildi. G\u00f6zalt\u0131na al\u0131nan G.A., adli mercilerdeki i\u015flemlerinin ard\u0131ndan tutuklanarak cezaevine g\u00f6nderildi.<br \/>\n<br \/>Karaba\u011flar Devriye Ekipler Amirli\u011fi\u2019ne ba\u011fl\u0131 polisler ise, Abdi \u0130pek\u00e7i Mahallesi\u2019nde aranan \u015fah\u0131slara y\u00f6nelik yapt\u0131klar\u0131 alan \u00e7al\u0131\u015fmas\u0131nda A.\u00d6. (33) isimli \u015fahs\u0131 durdurdu. 3717 Sokak\u2019ta yap\u0131lan Genel Bilgi Tarama (GBT) kontrol\u00fcnde, \u015fahs\u0131n \u2019cinsel istismar\u2019 su\u00e7undan hakk\u0131nda 10 y\u0131l kesinle\u015fmi\u015f hapis cezas\u0131 bulundu\u011fu anla\u015f\u0131ld\u0131. Yakalanan zanl\u0131, emniyetteki i\u015flemlerinin ard\u0131ndan adli makamlara sevk edildi.<br \/><\/p>\n","protected":false},"excerpt":{"rendered":"<p>\u0130zmir\u2019de polis ekiplerince aranan \u015f\u00fcphelilere y\u00f6nelik y\u00fcr\u00fct\u00fclen \u00e7al\u0131\u015fmalarda, Konak\u2019ta 16 y\u0131l hapis cezas\u0131 bulunan bir uyu\u015fturucu taciri, Karaba\u011flar\u2019da ise 10 y\u0131l hapis cezas\u0131 olan bir cinsel istismar su\u00e7lusu k\u0131sk\u0131vrak yakaland\u0131. Konak \u0130l\u00e7e Emniyet M\u00fcd\u00fcrl\u00fc\u011f\u00fc Su\u00e7 \u00d6nleme ve Soru\u015fturma B\u00fcro Amirli\u011fi ekipleri, 22 Aral\u0131k g\u00fcn\u00fc Basmane b\u00f6lgesinde ger\u00e7ekle\u015ftirdikleri denetimler s\u0131ras\u0131nda \u015f\u00fcpheli bir \u015fahs\u0131 durdurdu. G.A. (32)&#8230;<\/p>\n","protected":false},"author":1,"featured_media":76175,"comment_status":"open","ping_status":"open","sticky":false,"template":"","format":"standard","meta":{"_crdt_document":"","footnotes":""},"categories":[5],"tags":[],"class_list":["post-76174","post","type-post","status-publish","format-standard","has-post-thumbnail","hentry","category-asayis"],"_links":{"self":[{"href":"https:\/\/www.egemtv.com\/index.php?rest_route=\/wp\/v2\/posts\/76174","targetHints":{"allow":["GET"]}}],"collection":[{"href":"https:\/\/www.egemtv.com\/index.php?rest_route=\/wp\/v2\/posts"}],"about":[{"href":"https:\/\/www.egemtv.com\/index.php?rest_route=\/wp\/v2\/types\/post"}],"author":[{"embeddable":true,"href":"https:\/\/www.egemtv.com\/index.php?rest_route=\/wp\/v2\/users\/1"}],"replies":[{"embeddable":true,"href":"https:\/\/www.egemtv.com\/index.php?rest_route=%2Fwp%2Fv2%2Fcomments&post=76174"}],"version-history":[{"count":1,"href":"https:\/\/www.egemtv.com\/index.php?rest_route=\/wp\/v2\/posts\/76174\/revisions"}],"predecessor-version":[{"id":76176,"href":"https:\/\/www.egemtv.com\/index.php?rest_route=\/wp\/v2\/posts\/76174\/revisions\/76176"}],"wp:featuredmedia":[{"embeddable":true,"href":"https:\/\/www.egemtv.com\/index.php?rest_route=\/wp\/v2\/media\/76175"}],"wp:attachment":[{"href":"https:\/\/www.egemtv.com\/index.php?rest_route=%2Fwp%2Fv2%2Fmedia&parent=76174"}],"wp:term":[{"taxonomy":"category","embeddable":true,"href":"https:\/\/www.egemtv.com\/index.php?rest_route=%2Fwp%2Fv2%2Fcategories&post=76174"},{"taxonomy":"post_tag","embeddable":true,"href":"https:\/\/www.egemtv.com\/index.php?rest_route=%2Fwp%2Fv2%2Ftags&post=76174"}],"curies":[{"name":"wp","href":"https:\/\/api.w.org\/{rel}","templated":true}]}}