{"id":76171,"date":"2025-12-23T17:34:39","date_gmt":"2025-12-23T14:34:39","guid":{"rendered":"https:\/\/www.egemtv.com\/?p=76171"},"modified":"2025-12-23T17:34:40","modified_gmt":"2025-12-23T14:34:40","slug":"ispartada-yasli-kadinin-70-yillik-evi-daha-guvenli-bir-yuvaya-donusturuldu","status":"publish","type":"post","link":"https:\/\/www.egemtv.com\/?p=76171","title":{"rendered":"Isparta\u2019da ya\u015fl\u0131 kad\u0131n\u0131n 70 y\u0131ll\u0131k evi daha g\u00fcvenli bir yuvaya d\u00f6n\u00fc\u015ft\u00fcr\u00fcld\u00fc"},"content":{"rendered":"<p>Isparta\u2019n\u0131n Aksu il\u00e7esine ba\u011fl\u0131 Sofular k\u00f6y\u00fcnde ya\u015fayan 85 ya\u015f\u0131ndaki kad\u0131n\u0131n 70 y\u0131ll\u0131k evinde, Isparta Belediyesince ya\u015fam \u015fartlar\u0131n\u0131n iyile\u015ftirilmesi amac\u0131yla tadilat \u00e7al\u0131\u015fmas\u0131 ger\u00e7ekle\u015ftirildi. Yap\u0131lan \u00e7al\u0131\u015fman\u0131n ard\u0131ndan konu\u015fan ya\u015fl\u0131 kad\u0131n, &#8220;Geceleri yerimden kalk\u0131p evin i\u00e7inde rahat\u00e7a dola\u015fam\u0131yordum. \u00c7ok kez d\u00fc\u015ft\u00fcm, sakatland\u0131m. Evimin tadilat\u0131n\u0131n yap\u0131lmas\u0131yla biraz olsun rahatlad\u0131m. Allah raz\u0131 olsun&#8221; dedi.<br \/>\n<br \/>Aksu il\u00e7esine ba\u011fl\u0131 Sofular k\u00f6y\u00fcnde ya\u015fayan 85 ya\u015f\u0131ndaki Hacer \u00d6cal\u2019\u0131n uzun y\u0131llard\u0131r kulland\u0131\u011f\u0131 70 y\u0131ll\u0131k evinde tadilat \u00e7al\u0131\u015fmas\u0131 yap\u0131ld\u0131. Ya\u015fad\u0131\u011f\u0131 evin fiziki \u015fartlar\u0131n\u0131n zorlay\u0131c\u0131 hale gelmesi \u00fczerine Isparta Belediyesi\u2019ne yap\u0131lan ba\u015fvurunun ard\u0131ndan evde iyile\u015ftirme \u00e7al\u0131\u015fmalar\u0131 ba\u015flat\u0131ld\u0131. Yap\u0131lan incelemelerin ard\u0131ndan ya\u015fl\u0131 kad\u0131n\u0131n evinde ya\u015fam \u015fartlar\u0131n\u0131 daha g\u00fcvenli hale getirmek amac\u0131yla tadilat ger\u00e7ekle\u015ftirildi. \u00c7al\u0131\u015fmalar kapsam\u0131nda evin \u00f6n\u00fcne yeni bir balkon yap\u0131ld\u0131.<\/p>\n<p>&#8220;Hacer teyzemizin evinin g\u00f6\u00e7mek \u00fczereydi&#8221;<br \/>\n<br \/>Sofular k\u00f6y\u00fc Muhtar\u0131 Mehmet \u0130lhan Kayacan yap\u0131lan \u00e7al\u0131\u015fmalara ili\u015fkin a\u00e7\u0131klamas\u0131nda, &#8220;K\u00f6y\u00fcm\u00fcz sakinlerinden 85 ya\u015f\u0131ndaki Hacer teyzemizin evinin g\u00f6\u00e7mek \u00fczere olmas\u0131 nedeniyle tadilat ihtiyac\u0131 do\u011fmu\u015ftu. Yap\u0131lan \u00e7al\u0131\u015fmalarla ev daha g\u00fcvenli hale getirildi. Destek verenlere te\u015fekk\u00fcr ediyorum&#8221; dedi.<\/p>\n<p>&#8220;Geceleri yerimden kalk\u0131p evin i\u00e7inde rahat\u00e7a dola\u015fam\u0131yordum. \u00c7ok kez d\u00fc\u015ft\u00fcm, sakatland\u0131m&#8221;<br \/>\n<br \/>Hacer \u00d6cal ise kendi imk\u00e2nlar\u0131yla tadilat yapt\u0131ramad\u0131\u011f\u0131n\u0131 belirterek, ya\u015fad\u0131\u011f\u0131 zorluklar\u0131 \u015fu s\u00f6zlerle anlatt\u0131:<br \/>\n<br \/>&#8220;Evde s\u00fcrekli d\u00fc\u015f\u00fcyordum. Geceleri yerimden kalk\u0131p evin i\u00e7inde rahat\u00e7a dola\u015fam\u0131yordum. \u00c7ok kez d\u00fc\u015ft\u00fcm, sakatland\u0131m. Evimin tadilat\u0131n\u0131n yap\u0131lmas\u0131yla biraz olsun rahatlad\u0131m. Allah raz\u0131 olsun.&#8221;<br \/><\/p>\n","protected":false},"excerpt":{"rendered":"<p>Isparta\u2019n\u0131n Aksu il\u00e7esine ba\u011fl\u0131 Sofular k\u00f6y\u00fcnde ya\u015fayan 85 ya\u015f\u0131ndaki kad\u0131n\u0131n 70 y\u0131ll\u0131k evinde, Isparta Belediyesince ya\u015fam \u015fartlar\u0131n\u0131n iyile\u015ftirilmesi amac\u0131yla tadilat \u00e7al\u0131\u015fmas\u0131 ger\u00e7ekle\u015ftirildi. Yap\u0131lan \u00e7al\u0131\u015fman\u0131n ard\u0131ndan konu\u015fan ya\u015fl\u0131 kad\u0131n, &#8220;Geceleri yerimden kalk\u0131p evin i\u00e7inde rahat\u00e7a dola\u015fam\u0131yordum. \u00c7ok kez d\u00fc\u015ft\u00fcm, sakatland\u0131m. Evimin tadilat\u0131n\u0131n yap\u0131lmas\u0131yla biraz olsun rahatlad\u0131m. Allah raz\u0131 olsun&#8221; dedi. Aksu il\u00e7esine ba\u011fl\u0131 Sofular k\u00f6y\u00fcnde ya\u015fayan&#8230;<\/p>\n","protected":false},"author":1,"featured_media":76172,"comment_status":"open","ping_status":"open","sticky":false,"template":"","format":"standard","meta":{"_crdt_document":"","footnotes":""},"categories":[123],"tags":[],"class_list":["post-76171","post","type-post","status-publish","format-standard","has-post-thumbnail","hentry","category-gundem"],"_links":{"self":[{"href":"https:\/\/www.egemtv.com\/index.php?rest_route=\/wp\/v2\/posts\/76171","targetHints":{"allow":["GET"]}}],"collection":[{"href":"https:\/\/www.egemtv.com\/index.php?rest_route=\/wp\/v2\/posts"}],"about":[{"href":"https:\/\/www.egemtv.com\/index.php?rest_route=\/wp\/v2\/types\/post"}],"author":[{"embeddable":true,"href":"https:\/\/www.egemtv.com\/index.php?rest_route=\/wp\/v2\/users\/1"}],"replies":[{"embeddable":true,"href":"https:\/\/www.egemtv.com\/index.php?rest_route=%2Fwp%2Fv2%2Fcomments&post=76171"}],"version-history":[{"count":1,"href":"https:\/\/www.egemtv.com\/index.php?rest_route=\/wp\/v2\/posts\/76171\/revisions"}],"predecessor-version":[{"id":76173,"href":"https:\/\/www.egemtv.com\/index.php?rest_route=\/wp\/v2\/posts\/76171\/revisions\/76173"}],"wp:featuredmedia":[{"embeddable":true,"href":"https:\/\/www.egemtv.com\/index.php?rest_route=\/wp\/v2\/media\/76172"}],"wp:attachment":[{"href":"https:\/\/www.egemtv.com\/index.php?rest_route=%2Fwp%2Fv2%2Fmedia&parent=76171"}],"wp:term":[{"taxonomy":"category","embeddable":true,"href":"https:\/\/www.egemtv.com\/index.php?rest_route=%2Fwp%2Fv2%2Fcategories&post=76171"},{"taxonomy":"post_tag","embeddable":true,"href":"https:\/\/www.egemtv.com\/index.php?rest_route=%2Fwp%2Fv2%2Ftags&post=76171"}],"curies":[{"name":"wp","href":"https:\/\/api.w.org\/{rel}","templated":true}]}}