{"id":76129,"date":"2025-12-23T15:34:58","date_gmt":"2025-12-23T12:34:58","guid":{"rendered":"https:\/\/www.egemtv.com\/?p=76129"},"modified":"2025-12-23T15:34:59","modified_gmt":"2025-12-23T12:34:59","slug":"baskan-gencay-esnafimizin-emegini-koruyacagiz","status":"publish","type":"post","link":"https:\/\/www.egemtv.com\/?p=76129","title":{"rendered":"Ba\u015fkan Gen\u00e7ay: &#8220;Esnaf\u0131m\u0131z\u0131n eme\u011fini koruyaca\u011f\u0131z&#8221;"},"content":{"rendered":"<p>Didim Belediye Ba\u015fkan\u0131 Hatice Gen\u00e7ay, il\u00e7ede kurulan semt pazarlar\u0131n\u0131 ziyaret ederek pazar esnaf\u0131 ve halkla bir araya geldi. Pazar alan\u0131n\u0131 gezerek tezgahlar\u0131 tek tek dola\u015fan Ba\u015fkan, esnafla sohbet etti, talep ve sorunlar\u0131 yerinde dinledi.<\/p>\n<p>Ziyaret s\u0131ras\u0131nda esnaf\u0131n ya\u015fad\u0131\u011f\u0131 sorunlara ili\u015fkin bilgi alan Ba\u015fkan Hatice Gen\u00e7ay, belediye olarak pazar esnaf\u0131n\u0131n daha sa\u011fl\u0131kl\u0131, adil ve d\u00fczenli \u015fartlarda hizmet verebilmesi i\u00e7in \u00e7al\u0131\u015fmalar\u0131n s\u00fcrd\u00fcr\u00fclece\u011fini ifade etti. Semt pazarlar\u0131n\u0131n yaln\u0131zca ticaret alan\u0131 de\u011fil, ayn\u0131 zamanda \u00fcretici ile halk\u0131 bulu\u015fturan \u00f6nemli sosyal ya\u015fam alanlar\u0131 oldu\u011funa dikkat \u00e7ekildi.<\/p>\n<p>Semt pazarlar\u0131n\u0131n mahalle k\u00fclt\u00fcr\u00fcn\u00fc ya\u015fatan ve eme\u011fin do\u011frudan halkla bulu\u015ftu\u011fu alanlar oldu\u011funu vurgulayan Ba\u015fkan Hatice Gen\u00e7ay, pazaryerlerinde adil bir d\u00fczenin sa\u011flanmas\u0131n\u0131n \u00f6ncelikleri aras\u0131nda yer ald\u0131\u011f\u0131n\u0131 belirtti. Ba\u015fkan Hatice Gen\u00e7ay, pazarc\u0131l\u0131kla do\u011frudan ilgisi olmayan arac\u0131lar\u0131n olu\u015fturdu\u011fu haks\u0131z kazan\u00e7 d\u00fczeninin hem esnaf\u0131 hem de halk\u0131 olumsuz etkiledi\u011fini ifade ederek, y\u00fcr\u00fct\u00fclen denetim ve d\u00fczenleme \u00e7al\u0131\u015fmalar\u0131n\u0131n; pazar yerlerinin fiilen bu i\u015fi yapan esnaf taraf\u0131ndan i\u015fletilmesini sa\u011flamak, kamu yarar\u0131n\u0131 g\u00f6zeten adil ve \u015feffaf bir yap\u0131y\u0131 kal\u0131c\u0131 hale getirmek amac\u0131yla s\u00fcrd\u00fcr\u00fcld\u00fc\u011f\u00fcn\u00fc kaydetti.<br \/><\/p>\n","protected":false},"excerpt":{"rendered":"<p>Didim Belediye Ba\u015fkan\u0131 Hatice Gen\u00e7ay, il\u00e7ede kurulan semt pazarlar\u0131n\u0131 ziyaret ederek pazar esnaf\u0131 ve halkla bir araya geldi. Pazar alan\u0131n\u0131 gezerek tezgahlar\u0131 tek tek dola\u015fan Ba\u015fkan, esnafla sohbet etti, talep ve sorunlar\u0131 yerinde dinledi. Ziyaret s\u0131ras\u0131nda esnaf\u0131n ya\u015fad\u0131\u011f\u0131 sorunlara ili\u015fkin bilgi alan Ba\u015fkan Hatice Gen\u00e7ay, belediye olarak pazar esnaf\u0131n\u0131n daha sa\u011fl\u0131kl\u0131, adil ve d\u00fczenli \u015fartlarda&#8230;<\/p>\n","protected":false},"author":1,"featured_media":76130,"comment_status":"open","ping_status":"open","sticky":false,"template":"","format":"standard","meta":{"_crdt_document":"","footnotes":""},"categories":[1],"tags":[],"class_list":["post-76129","post","type-post","status-publish","format-standard","has-post-thumbnail","hentry","category-guncel"],"_links":{"self":[{"href":"https:\/\/www.egemtv.com\/index.php?rest_route=\/wp\/v2\/posts\/76129","targetHints":{"allow":["GET"]}}],"collection":[{"href":"https:\/\/www.egemtv.com\/index.php?rest_route=\/wp\/v2\/posts"}],"about":[{"href":"https:\/\/www.egemtv.com\/index.php?rest_route=\/wp\/v2\/types\/post"}],"author":[{"embeddable":true,"href":"https:\/\/www.egemtv.com\/index.php?rest_route=\/wp\/v2\/users\/1"}],"replies":[{"embeddable":true,"href":"https:\/\/www.egemtv.com\/index.php?rest_route=%2Fwp%2Fv2%2Fcomments&post=76129"}],"version-history":[{"count":1,"href":"https:\/\/www.egemtv.com\/index.php?rest_route=\/wp\/v2\/posts\/76129\/revisions"}],"predecessor-version":[{"id":76131,"href":"https:\/\/www.egemtv.com\/index.php?rest_route=\/wp\/v2\/posts\/76129\/revisions\/76131"}],"wp:featuredmedia":[{"embeddable":true,"href":"https:\/\/www.egemtv.com\/index.php?rest_route=\/wp\/v2\/media\/76130"}],"wp:attachment":[{"href":"https:\/\/www.egemtv.com\/index.php?rest_route=%2Fwp%2Fv2%2Fmedia&parent=76129"}],"wp:term":[{"taxonomy":"category","embeddable":true,"href":"https:\/\/www.egemtv.com\/index.php?rest_route=%2Fwp%2Fv2%2Fcategories&post=76129"},{"taxonomy":"post_tag","embeddable":true,"href":"https:\/\/www.egemtv.com\/index.php?rest_route=%2Fwp%2Fv2%2Ftags&post=76129"}],"curies":[{"name":"wp","href":"https:\/\/api.w.org\/{rel}","templated":true}]}}