{"id":76126,"date":"2025-12-23T15:14:55","date_gmt":"2025-12-23T12:14:55","guid":{"rendered":"https:\/\/www.egemtv.com\/?p=76126"},"modified":"2025-12-23T15:14:56","modified_gmt":"2025-12-23T12:14:56","slug":"aydin-buyuksehir-il-genelinde-calismalarini-surduruyor","status":"publish","type":"post","link":"https:\/\/www.egemtv.com\/?p=76126","title":{"rendered":"Ayd\u0131n B\u00fcy\u00fck\u015fehir il genelinde \u00e7al\u0131\u015fmalar\u0131n\u0131 s\u00fcrd\u00fcr\u00fcyor"},"content":{"rendered":"<p>Ayd\u0131n B\u00fcy\u00fck\u015fehir Belediyesi Fen \u0130\u015fleri Dairesi Ba\u015fkanl\u0131\u011f\u0131 ekipleri, kentin d\u00f6rt bir yan\u0131nda e\u015f zamanl\u0131 olarak y\u00fcr\u00fctt\u00fc\u011f\u00fc \u00e7al\u0131\u015fmalarla vatanda\u015flar\u0131 hizmetle bulu\u015fturmaya devam ediyor.<\/p>\n<p>Ayd\u0131n B\u00fcy\u00fck\u015fehir Belediye Ba\u015fkan\u0131 \u00d6zlem \u00c7er\u00e7io\u011flu\u2019nun talimatlar\u0131yla s\u00fcrd\u00fcr\u00fclen \u00e7al\u0131\u015fmalar kapsam\u0131nda yol yap\u0131m, bak\u0131m ve yenileme uygulamalar\u0131 aral\u0131ks\u0131z s\u00fcr\u00fcyor. B\u00fcy\u00fck\u015fehir Belediyesi ekipleri, planl\u0131 \u00e7al\u0131\u015fmalar kapsam\u0131nda Ayd\u0131n\u2019\u0131n bir\u00e7ok noktas\u0131nda e\u015f zamanl\u0131 y\u00fcr\u00fct\u00fclen \u00e7al\u0131\u015fmalar\u0131n\u0131 h\u0131zla tamaml\u0131yor.<\/p>\n<p>\u00c7al\u0131\u015fmalar kapsamda; Efeler il\u00e7esi Kuyulu, \u015eahnal\u0131 ve \u00c7e\u015ftepe Mahalleleri, K\u00f6\u015fk il\u00e7esi Il\u0131da\u011f Mahallesi, \u00c7ine il\u00e7esi Ak\u00e7aova, Karanfiller, Mutaflar ve Bedirler Mahalleleri, Didim il\u00e7esi \u0130n\u00f6n\u00fc Caddesi, Bozdo\u011fan il\u00e7esi Duta\u011fa\u00e7 ve K\u00f6rteke Mahalleleri, S\u00f6ke il\u00e7esi Sayrak\u00e7\u0131, Karacahay\u0131t ve Ye\u015filk\u00f6y Mahalleleri, Sultanhisar il\u00e7esi Salavatl\u0131, Demirhan, \u0130ncealan, K\u0131lavuzlar ve G\u00fcvendik Mahalleleri, Nazilli il\u00e7esi Karahall\u0131, Bekirler, Yavansu ve Dereba\u015f\u0131 Mahalleleri, Germencik il\u00e7esi \u00c7ar\u0131klar Mahallesi, \u0130ncirliova il\u00e7esi Hamitler Mahallesi, Karacasu il\u00e7esi Atak\u00f6y Mahallesi, Ku\u015fadas\u0131 il\u00e7esi Davutlar Mahallesi, Ko\u00e7arl\u0131 il\u00e7esi Karadut, Ba\u011fc\u0131lar, Esentepe, \u00c7all\u0131, Kasaplar, Haydarl\u0131 ve Karaa\u011fa\u00e7 Mahalleleri, Yenipazar il\u00e7esi Donduran ve Derek\u00f6y Mahalleleri ile Kuyucak il\u00e7esi Horsunlu Mahallesi\u2019nde Fen \u0130\u015fleri Dairesi Ba\u015fkanl\u0131\u011f\u0131 ekipleri taraf\u0131ndan e\u015f zamanl\u0131 \u00e7al\u0131\u015fmalar ger\u00e7ekle\u015ftiriliyor.<\/p>\n<p>Y\u00fcr\u00fct\u00fclen \u00e7al\u0131\u015fmalarla hem ula\u015f\u0131m konforu art\u0131r\u0131l\u0131yor hem de altyap\u0131 ve \u00fcstyap\u0131 ihtiya\u00e7lar\u0131na kal\u0131c\u0131 \u00e7\u00f6z\u00fcmler sa\u011flan\u0131yor. B\u00fcy\u00fck\u015fehir Belediyesi, vatanda\u015flar\u0131n g\u00fcnl\u00fck ya\u015fam\u0131n\u0131 kolayla\u015ft\u0131ran hizmetleri il\u00e7elerin tamam\u0131na ula\u015ft\u0131rmay\u0131 s\u00fcrd\u00fcr\u00fcyor.<\/p>\n<p>Ayd\u0131n B\u00fcy\u00fck\u015fehir Belediye Ba\u015fkan\u0131 \u00d6zlem \u00c7er\u00e7io\u011flu, kentin her noktas\u0131nda \u00e7al\u0131\u015fmalar\u0131n devam etti\u011fini belirterek, &#8220;Ayd\u0131n\u0131m\u0131z\u0131n t\u00fcm il\u00e7elerinde hem\u015fehrilerimizi hizmetlerimiz ile bulu\u015fturuyoruz. Ekiplerimizle birlikte sahaday\u0131z, hizmetlerimizi planl\u0131 ve e\u015f zamanl\u0131 \u015fekilde s\u00fcrd\u00fcr\u00fcyoruz. Vatanda\u015flar\u0131m\u0131z\u0131n ya\u015fam kalitesini art\u0131rmak i\u00e7in durmadan \u00e7al\u0131\u015fmaya devam edece\u011fiz&#8221; ifadelerini kulland\u0131.<br \/><\/p>\n","protected":false},"excerpt":{"rendered":"<p>Ayd\u0131n B\u00fcy\u00fck\u015fehir Belediyesi Fen \u0130\u015fleri Dairesi Ba\u015fkanl\u0131\u011f\u0131 ekipleri, kentin d\u00f6rt bir yan\u0131nda e\u015f zamanl\u0131 olarak y\u00fcr\u00fctt\u00fc\u011f\u00fc \u00e7al\u0131\u015fmalarla vatanda\u015flar\u0131 hizmetle bulu\u015fturmaya devam ediyor. Ayd\u0131n B\u00fcy\u00fck\u015fehir Belediye Ba\u015fkan\u0131 \u00d6zlem \u00c7er\u00e7io\u011flu\u2019nun talimatlar\u0131yla s\u00fcrd\u00fcr\u00fclen \u00e7al\u0131\u015fmalar kapsam\u0131nda yol yap\u0131m, bak\u0131m ve yenileme uygulamalar\u0131 aral\u0131ks\u0131z s\u00fcr\u00fcyor. B\u00fcy\u00fck\u015fehir Belediyesi ekipleri, planl\u0131 \u00e7al\u0131\u015fmalar kapsam\u0131nda Ayd\u0131n\u2019\u0131n bir\u00e7ok noktas\u0131nda e\u015f zamanl\u0131 y\u00fcr\u00fct\u00fclen \u00e7al\u0131\u015fmalar\u0131n\u0131 h\u0131zla tamaml\u0131yor&#8230;.<\/p>\n","protected":false},"author":1,"featured_media":76127,"comment_status":"open","ping_status":"open","sticky":false,"template":"","format":"standard","meta":{"_crdt_document":"","footnotes":""},"categories":[1],"tags":[],"class_list":["post-76126","post","type-post","status-publish","format-standard","has-post-thumbnail","hentry","category-guncel"],"_links":{"self":[{"href":"https:\/\/www.egemtv.com\/index.php?rest_route=\/wp\/v2\/posts\/76126","targetHints":{"allow":["GET"]}}],"collection":[{"href":"https:\/\/www.egemtv.com\/index.php?rest_route=\/wp\/v2\/posts"}],"about":[{"href":"https:\/\/www.egemtv.com\/index.php?rest_route=\/wp\/v2\/types\/post"}],"author":[{"embeddable":true,"href":"https:\/\/www.egemtv.com\/index.php?rest_route=\/wp\/v2\/users\/1"}],"replies":[{"embeddable":true,"href":"https:\/\/www.egemtv.com\/index.php?rest_route=%2Fwp%2Fv2%2Fcomments&post=76126"}],"version-history":[{"count":1,"href":"https:\/\/www.egemtv.com\/index.php?rest_route=\/wp\/v2\/posts\/76126\/revisions"}],"predecessor-version":[{"id":76128,"href":"https:\/\/www.egemtv.com\/index.php?rest_route=\/wp\/v2\/posts\/76126\/revisions\/76128"}],"wp:featuredmedia":[{"embeddable":true,"href":"https:\/\/www.egemtv.com\/index.php?rest_route=\/wp\/v2\/media\/76127"}],"wp:attachment":[{"href":"https:\/\/www.egemtv.com\/index.php?rest_route=%2Fwp%2Fv2%2Fmedia&parent=76126"}],"wp:term":[{"taxonomy":"category","embeddable":true,"href":"https:\/\/www.egemtv.com\/index.php?rest_route=%2Fwp%2Fv2%2Fcategories&post=76126"},{"taxonomy":"post_tag","embeddable":true,"href":"https:\/\/www.egemtv.com\/index.php?rest_route=%2Fwp%2Fv2%2Ftags&post=76126"}],"curies":[{"name":"wp","href":"https:\/\/api.w.org\/{rel}","templated":true}]}}