{"id":76123,"date":"2025-12-23T15:14:54","date_gmt":"2025-12-23T12:14:54","guid":{"rendered":"https:\/\/www.egemtv.com\/?p=76123"},"modified":"2025-12-23T15:14:55","modified_gmt":"2025-12-23T12:14:55","slug":"emirdag-fatih-ilkokulu-ilkokullar-arasi-en-iyi-cumle-afis-yarismasinda-birinci-oldu","status":"publish","type":"post","link":"https:\/\/www.egemtv.com\/?p=76123","title":{"rendered":"Emirda\u011f Fatih \u0130lkokulu \u2018\u0130lkokullar Aras\u0131 En \u0130yi C\u00fcmle \/ Afi\u015f Yar\u0131\u015fmas\u0131\u2019nda birinci oldu"},"content":{"rendered":"<p>Emirda\u011f Fatih \u0130lkokulu, akademik ve sosyal ba\u015far\u0131lar\u0131na bir yenisini daha ekledi ve Emirda\u011f\u2019\u0131n gururu oldu. Milli E\u011fitim Bakanl\u0131\u011f\u0131 2025\/2026 E\u011fitim \u00d6\u011fretim Y\u0131l\u0131 \u2018Dilimizin Zenginlikleri Projesi\u2019 kapsam\u0131nda Afyonkarahisar \u0130l Mill\u00ee E\u011fitim M\u00fcd\u00fcrl\u00fc\u011f\u00fc taraf\u0131ndan d\u00fczenlenen \u2018\u0130lkokullar Aras\u0131 En \u0130yi C\u00fcmle \/ Afi\u015f Yar\u0131\u015fmas\u0131\u2019nda, Emirda\u011f Fatih \u0130lkokulu 4\/C s\u0131n\u0131f\u0131 \u00f6\u011frencisi \u0130dil Mola, Afyonkarahisar \u0130l Birincisi olarak b\u00fcy\u00fck bir ba\u015far\u0131ya imza att\u0131. Bu \u00f6nemli ba\u015far\u0131yla, Fatih \u0130lkokulu; hem okul hem de il\u00e7e ad\u0131na ad\u0131n\u0131 bir kez daha zirveye yazd\u0131rd\u0131.  \u2018Hi\u00e7bir ba\u015far\u0131 tesad\u00fcf de\u011fildir\u2019<br \/>\n<br \/>Fatih \u0130lkokulu M\u00fcd\u00fcr\u00fc Ali Kubat, \u2018\u2019\u00d6ncelikle \u2018G\u00fcney Do\u011fu Asya Uluslararas\u0131 Matematik Olimpiyatlar\u0131\u2019 kat\u0131l\u0131m s\u0131nav\u0131nda derece yaparak alt\u0131n madalya kazanan ve final yar\u0131\u015fmas\u0131na davet edilen, \u00f6\u011frencimiz \u00d6mer K\u00f6sem\u2019den sonra; \u2018Dilimizin Zenginlikleri Projesi En \u0130yi Afi\u015f Yar\u0131\u015fmas\u0131\u2019nda, Afyonkarahisar \u0130l Birincisi olan 4\/C s\u0131n\u0131f\u0131 \u00f6\u011frencimiz \u0130dil Mola\u2019y\u0131 can\u0131 g\u00f6n\u00fclden tebrik ediyorum. Bu ba\u015far\u0131da eme\u011fi ge\u00e7en \u00f6\u011fretmenlerimize, \u00f6\u011frencilerimize ve katk\u0131 sunan herkese te\u015fekk\u00fcr ediyorum. \u2018Hi\u00e7bir ba\u015far\u0131 tesad\u00fcf de\u011fildir\u2019. Bu ba\u015far\u0131lar\u0131n temelinde g\u00fc\u00e7l\u00fc bir e\u011fitim anlay\u0131\u015f\u0131, \u00f6zverili \u00f6\u011fretmenlerimiz ve destek veren velilerimiz bulunmaktad\u0131r\u2019\u2019 dedi.<br \/>\n<br \/>Emirda\u011f \u0130l\u00e7e Milli E\u011fitim M\u00fcd\u00fcr\u00fc G\u00fcrkan Emeksiz ise, \u2018\u2019Fatih \u0130lkokulu\u2019nun \u00f6\u011fretmenlerini ve \u00f6\u011frencilerinin ba\u015far\u0131lar\u0131n\u0131 can\u0131 g\u00f6n\u00fclden tebrik ederim, kutlar\u0131m, te\u015fekk\u00fcr ederim ve ba\u015far\u0131lar dilerim. Bu ba\u015far\u0131 ayn\u0131 zamanda Emirda\u011f\u2019\u0131n gururu oldu\u2019\u2019 dedi.<br \/>\n<br \/>Fatih \u0130lkokulu\u2019nu ve Emirda\u011f\u2019\u0131 gururland\u0131ran bu anlaml\u0131 ba\u015far\u0131; e\u011fitimde do\u011fru ad\u0131mlar\u0131n ve eme\u011fin kar\u015f\u0131l\u0131\u011f\u0131n\u0131n en g\u00fczel \u00f6rneklerinden biri oldu. Dereceye giren \u00f6\u011frenci \u0130dil Mola i\u00e7in, 2026 y\u0131l\u0131 Haziran ay\u0131nda, Afyonkarahisar \u0130l Mill\u00ee E\u011fitim M\u00fcd\u00fcrl\u00fc\u011f\u00fc taraf\u0131ndan \u00f6d\u00fcl t\u00f6reni d\u00fczenlenece\u011fi bildirildi.<br \/><\/p>\n","protected":false},"excerpt":{"rendered":"<p>Emirda\u011f Fatih \u0130lkokulu, akademik ve sosyal ba\u015far\u0131lar\u0131na bir yenisini daha ekledi ve Emirda\u011f\u2019\u0131n gururu oldu. Milli E\u011fitim Bakanl\u0131\u011f\u0131 2025\/2026 E\u011fitim \u00d6\u011fretim Y\u0131l\u0131 \u2018Dilimizin Zenginlikleri Projesi\u2019 kapsam\u0131nda Afyonkarahisar \u0130l Mill\u00ee E\u011fitim M\u00fcd\u00fcrl\u00fc\u011f\u00fc taraf\u0131ndan d\u00fczenlenen \u2018\u0130lkokullar Aras\u0131 En \u0130yi C\u00fcmle \/ Afi\u015f Yar\u0131\u015fmas\u0131\u2019nda, Emirda\u011f Fatih \u0130lkokulu 4\/C s\u0131n\u0131f\u0131 \u00f6\u011frencisi \u0130dil Mola, Afyonkarahisar \u0130l Birincisi olarak b\u00fcy\u00fck bir&#8230;<\/p>\n","protected":false},"author":1,"featured_media":76124,"comment_status":"open","ping_status":"open","sticky":false,"template":"","format":"standard","meta":{"_crdt_document":"","footnotes":""},"categories":[1],"tags":[],"class_list":["post-76123","post","type-post","status-publish","format-standard","has-post-thumbnail","hentry","category-guncel"],"_links":{"self":[{"href":"https:\/\/www.egemtv.com\/index.php?rest_route=\/wp\/v2\/posts\/76123","targetHints":{"allow":["GET"]}}],"collection":[{"href":"https:\/\/www.egemtv.com\/index.php?rest_route=\/wp\/v2\/posts"}],"about":[{"href":"https:\/\/www.egemtv.com\/index.php?rest_route=\/wp\/v2\/types\/post"}],"author":[{"embeddable":true,"href":"https:\/\/www.egemtv.com\/index.php?rest_route=\/wp\/v2\/users\/1"}],"replies":[{"embeddable":true,"href":"https:\/\/www.egemtv.com\/index.php?rest_route=%2Fwp%2Fv2%2Fcomments&post=76123"}],"version-history":[{"count":1,"href":"https:\/\/www.egemtv.com\/index.php?rest_route=\/wp\/v2\/posts\/76123\/revisions"}],"predecessor-version":[{"id":76125,"href":"https:\/\/www.egemtv.com\/index.php?rest_route=\/wp\/v2\/posts\/76123\/revisions\/76125"}],"wp:featuredmedia":[{"embeddable":true,"href":"https:\/\/www.egemtv.com\/index.php?rest_route=\/wp\/v2\/media\/76124"}],"wp:attachment":[{"href":"https:\/\/www.egemtv.com\/index.php?rest_route=%2Fwp%2Fv2%2Fmedia&parent=76123"}],"wp:term":[{"taxonomy":"category","embeddable":true,"href":"https:\/\/www.egemtv.com\/index.php?rest_route=%2Fwp%2Fv2%2Fcategories&post=76123"},{"taxonomy":"post_tag","embeddable":true,"href":"https:\/\/www.egemtv.com\/index.php?rest_route=%2Fwp%2Fv2%2Ftags&post=76123"}],"curies":[{"name":"wp","href":"https:\/\/api.w.org\/{rel}","templated":true}]}}