{"id":76120,"date":"2025-12-23T14:55:02","date_gmt":"2025-12-23T11:55:02","guid":{"rendered":"https:\/\/www.egemtv.com\/?p=76120"},"modified":"2025-12-23T14:55:03","modified_gmt":"2025-12-23T11:55:03","slug":"gediz-kavsaginda-calismalar-hiz-kesmeden-devam-ediyor","status":"publish","type":"post","link":"https:\/\/www.egemtv.com\/?p=76120","title":{"rendered":"Gediz Kav\u015fa\u011f\u0131nda \u00e7al\u0131\u015fmalar h\u0131z kesmeden devam ediyor"},"content":{"rendered":"<p>AK Parti Manisa \u0130l Ba\u015fkan\u0131 S\u00fcleyman Turgut, T\u00fcrkiye\u2019nin en b\u00fcy\u00fck kav\u015fa\u011f\u0131 olaca\u011f\u0131 d\u00fc\u015f\u00fcn\u00fclen Manisa Gediz Kav\u015fa\u011f\u0131nda yapt\u0131\u011f\u0131 incelemelerin ard\u0131ndan T\u00fcrkiye\u2019de benzeri olmayan bu kav\u015fak, \u0130zmir-\u0130stanbul hatt\u0131ndaki trafik \u00e7ilesine son verecek&#8221; dedi.<br \/>\n<br \/>Manisa\u2019da ula\u015f\u0131m\u0131 b\u00fcy\u00fck \u00f6l\u00e7\u00fcde rahatlatacak olan Gediz Kav\u015fa\u011f\u0131 projesinde \u00e7al\u0131\u015fmalar t\u00fcm h\u0131z\u0131yla devam ediyor. AK Parti Manisa \u0130l Ba\u015fkan\u0131 S\u00fcleyman Turgut, in\u015faat sahas\u0131n\u0131 ziyaret ederek yetkililerden teknik detaylar ve projenin son durumu hakk\u0131nda bilgi ald\u0131.<br \/>\n<br \/>\u015eantiyede yapt\u0131\u011f\u0131 incelemelerin ard\u0131ndan a\u00e7\u0131klamalarda bulunan Turgut, projenin stratejik \u00f6nemine de\u011findi. Gediz Kav\u015fa\u011f\u0131\u2019n\u0131n sadece Manisa i\u00e7in de\u011fil, T\u00fcrkiye\u2019nin en yo\u011fun g\u00fczergahlar\u0131ndan biri olan \u0130zmir- \u0130stanbul hatt\u0131 i\u00e7in de kritik bir nokta oldu\u011funu vurgulayan Turgut, &#8220;\u0130lk \u00f6nceli\u011fimiz, ara\u00e7 yo\u011funlu\u011funun en y\u00fcksek oldu\u011fu \u0130zmir-\u0130stanbul ba\u011flant\u0131s\u0131n\u0131 bir an \u00f6nce hizmete a\u00e7mak. \u015eirket yetkililerimiz ve ekiplerimiz, bu dev projeyi tamamlamak i\u00e7in gece g\u00fcnd\u00fcz demeden b\u00fcy\u00fck bir \u00f6zveriyle \u00e7al\u0131\u015f\u0131yor.&#8221; ifadelerini kulland\u0131.<\/p>\n<p>&#8220;Trafik g\u00fcvenli\u011fini en \u00fcst seviyeye \u00e7\u0131karacak&#8221;<br \/>\n<br \/>\u00c7al\u0131\u015fmalar\u0131n teknik detaylar\u0131 hakk\u0131nda da bilgi veren S\u00fcleyman Turgut, projenin fiziki ger\u00e7ekle\u015fme oran\u0131n\u0131n memnuniyet verici oldu\u011funu s\u00f6yledi. Turgut &#8220;K\u00f6pr\u00fc temelleri at\u0131ld\u0131 ve k\u00f6pr\u00fc ayaklar\u0131n\u0131n imalat\u0131 bitirildi. K\u00f6pr\u00fclerin en \u00f6nemli k\u0131s\u0131mlar\u0131ndan olan kiri\u015flerin yerle\u015ftirme s\u00fcreci devam ediyor. K\u00f6pr\u00fc ayaklar\u0131n\u0131n ba\u011flant\u0131s\u0131n\u0131 sa\u011flayacak olan toprak arme dolgu i\u015flemleri h\u0131z kesmeden s\u00fcr\u00fcyor. Tamamland\u0131\u011f\u0131nda hem estetik yap\u0131s\u0131 hem de fonksiyonelli\u011fi ile dikkat \u00e7ekecek olan Gediz Kav\u015fa\u011f\u0131, b\u00f6lgedeki trafik g\u00fcvenli\u011fini en \u00fcst seviyeye \u00e7\u0131karacak. Projenin bitimiyle birlikte, \u00f6zellikle kav\u015fak noktas\u0131nda ya\u015fanan beklemelerin sona ermesi ve yak\u0131t tasarrufu sa\u011flanmas\u0131 hedefleniyor&#8221; dedi.<br \/><\/p>\n","protected":false},"excerpt":{"rendered":"<p>AK Parti Manisa \u0130l Ba\u015fkan\u0131 S\u00fcleyman Turgut, T\u00fcrkiye\u2019nin en b\u00fcy\u00fck kav\u015fa\u011f\u0131 olaca\u011f\u0131 d\u00fc\u015f\u00fcn\u00fclen Manisa Gediz Kav\u015fa\u011f\u0131nda yapt\u0131\u011f\u0131 incelemelerin ard\u0131ndan T\u00fcrkiye\u2019de benzeri olmayan bu kav\u015fak, \u0130zmir-\u0130stanbul hatt\u0131ndaki trafik \u00e7ilesine son verecek&#8221; dedi. Manisa\u2019da ula\u015f\u0131m\u0131 b\u00fcy\u00fck \u00f6l\u00e7\u00fcde rahatlatacak olan Gediz Kav\u015fa\u011f\u0131 projesinde \u00e7al\u0131\u015fmalar t\u00fcm h\u0131z\u0131yla devam ediyor. AK Parti Manisa \u0130l Ba\u015fkan\u0131 S\u00fcleyman Turgut, in\u015faat sahas\u0131n\u0131 ziyaret&#8230;<\/p>\n","protected":false},"author":1,"featured_media":76121,"comment_status":"open","ping_status":"open","sticky":false,"template":"","format":"standard","meta":{"_crdt_document":"","footnotes":""},"categories":[1],"tags":[],"class_list":["post-76120","post","type-post","status-publish","format-standard","has-post-thumbnail","hentry","category-guncel"],"_links":{"self":[{"href":"https:\/\/www.egemtv.com\/index.php?rest_route=\/wp\/v2\/posts\/76120","targetHints":{"allow":["GET"]}}],"collection":[{"href":"https:\/\/www.egemtv.com\/index.php?rest_route=\/wp\/v2\/posts"}],"about":[{"href":"https:\/\/www.egemtv.com\/index.php?rest_route=\/wp\/v2\/types\/post"}],"author":[{"embeddable":true,"href":"https:\/\/www.egemtv.com\/index.php?rest_route=\/wp\/v2\/users\/1"}],"replies":[{"embeddable":true,"href":"https:\/\/www.egemtv.com\/index.php?rest_route=%2Fwp%2Fv2%2Fcomments&post=76120"}],"version-history":[{"count":1,"href":"https:\/\/www.egemtv.com\/index.php?rest_route=\/wp\/v2\/posts\/76120\/revisions"}],"predecessor-version":[{"id":76122,"href":"https:\/\/www.egemtv.com\/index.php?rest_route=\/wp\/v2\/posts\/76120\/revisions\/76122"}],"wp:featuredmedia":[{"embeddable":true,"href":"https:\/\/www.egemtv.com\/index.php?rest_route=\/wp\/v2\/media\/76121"}],"wp:attachment":[{"href":"https:\/\/www.egemtv.com\/index.php?rest_route=%2Fwp%2Fv2%2Fmedia&parent=76120"}],"wp:term":[{"taxonomy":"category","embeddable":true,"href":"https:\/\/www.egemtv.com\/index.php?rest_route=%2Fwp%2Fv2%2Fcategories&post=76120"},{"taxonomy":"post_tag","embeddable":true,"href":"https:\/\/www.egemtv.com\/index.php?rest_route=%2Fwp%2Fv2%2Ftags&post=76120"}],"curies":[{"name":"wp","href":"https:\/\/api.w.org\/{rel}","templated":true}]}}