{"id":76078,"date":"2025-12-23T13:14:54","date_gmt":"2025-12-23T10:14:54","guid":{"rendered":"https:\/\/www.egemtv.com\/?p=76078"},"modified":"2025-12-23T13:14:55","modified_gmt":"2025-12-23T10:14:55","slug":"aydin-buyuksehir-belediyesi-vatandaslari-sporla-bulusturuyor","status":"publish","type":"post","link":"https:\/\/www.egemtv.com\/?p=76078","title":{"rendered":"Ayd\u0131n B\u00fcy\u00fck\u015fehir Belediyesi, vatanda\u015flar\u0131 sporla bulu\u015fturuyor"},"content":{"rendered":"<p>Ayd\u0131n B\u00fcy\u00fck\u015fehir Belediyesi taraf\u0131ndan d\u00fczenlenen g\u00fcz d\u00f6nemi etkinlikleri kapsam\u0131nda pilates ve zumba etkinlikleri Ayd\u0131nl\u0131lar\u0131n yo\u011fun kat\u0131l\u0131m\u0131yla s\u00fcr\u00fcyor. B\u00fcy\u00fck\u015fehir Belediyesi\u2019nin uzman e\u011fitmenleri e\u015fli\u011finde ger\u00e7ekle\u015ftirilen etkinlikler, kentin farkl\u0131 noktalar\u0131nda \u00fccretsiz olarak vatanda\u015flarla bulu\u015fturuluyor.<\/p>\n<p>G\u00fcz d\u00f6nemi etkinlikleri kapsam\u0131nda d\u00fczenlenen pilates ve zumba \u00e7al\u0131\u015fmalar\u0131 sa\u011fl\u0131kl\u0131 ya\u015fam\u0131 destekleyen i\u00e7erikleriyle dikkat \u00e7ekiyor. Ayd\u0131n B\u00fcy\u00fck\u015fehir Belediyesi, spor ve hareketi g\u00fcnl\u00fck ya\u015fam\u0131n bir par\u00e7as\u0131 haline getirmek amac\u0131yla d\u00fczenledi\u011fi etkinlikleri g\u00fcz d\u00f6nemi boyunca kent genelinde s\u00fcrd\u00fcrecek. Etkinliklere kat\u0131lan vatanda\u015flar, \u00fccretsiz olarak sunulan spor faaliyetlerinden duyduklar\u0131 memnuniyeti dile getirerek Ayd\u0131n B\u00fcy\u00fck\u015fehir Belediye Ba\u015fkan\u0131 \u00d6zlem \u00c7er\u00e7io\u011flu\u2019na te\u015fekk\u00fcr etti. Kat\u0131l\u0131mc\u0131lar, Ba\u015fkan \u00c7er\u00e7io\u011flu\u2019nun \u00f6nc\u00fcl\u00fc\u011f\u00fcnde hayata ge\u00e7irilen sosyal ve sportif etkinliklerin kente de\u011fer katt\u0131\u011f\u0131n\u0131 belirtti.<br \/><\/p>\n","protected":false},"excerpt":{"rendered":"<p>Ayd\u0131n B\u00fcy\u00fck\u015fehir Belediyesi taraf\u0131ndan d\u00fczenlenen g\u00fcz d\u00f6nemi etkinlikleri kapsam\u0131nda pilates ve zumba etkinlikleri Ayd\u0131nl\u0131lar\u0131n yo\u011fun kat\u0131l\u0131m\u0131yla s\u00fcr\u00fcyor. B\u00fcy\u00fck\u015fehir Belediyesi\u2019nin uzman e\u011fitmenleri e\u015fli\u011finde ger\u00e7ekle\u015ftirilen etkinlikler, kentin farkl\u0131 noktalar\u0131nda \u00fccretsiz olarak vatanda\u015flarla bulu\u015fturuluyor. G\u00fcz d\u00f6nemi etkinlikleri kapsam\u0131nda d\u00fczenlenen pilates ve zumba \u00e7al\u0131\u015fmalar\u0131 sa\u011fl\u0131kl\u0131 ya\u015fam\u0131 destekleyen i\u00e7erikleriyle dikkat \u00e7ekiyor. Ayd\u0131n B\u00fcy\u00fck\u015fehir Belediyesi, spor ve hareketi g\u00fcnl\u00fck ya\u015fam\u0131n bir&#8230;<\/p>\n","protected":false},"author":1,"featured_media":76079,"comment_status":"open","ping_status":"open","sticky":false,"template":"","format":"standard","meta":{"_crdt_document":"","footnotes":""},"categories":[1],"tags":[],"class_list":["post-76078","post","type-post","status-publish","format-standard","has-post-thumbnail","hentry","category-guncel"],"_links":{"self":[{"href":"https:\/\/www.egemtv.com\/index.php?rest_route=\/wp\/v2\/posts\/76078","targetHints":{"allow":["GET"]}}],"collection":[{"href":"https:\/\/www.egemtv.com\/index.php?rest_route=\/wp\/v2\/posts"}],"about":[{"href":"https:\/\/www.egemtv.com\/index.php?rest_route=\/wp\/v2\/types\/post"}],"author":[{"embeddable":true,"href":"https:\/\/www.egemtv.com\/index.php?rest_route=\/wp\/v2\/users\/1"}],"replies":[{"embeddable":true,"href":"https:\/\/www.egemtv.com\/index.php?rest_route=%2Fwp%2Fv2%2Fcomments&post=76078"}],"version-history":[{"count":1,"href":"https:\/\/www.egemtv.com\/index.php?rest_route=\/wp\/v2\/posts\/76078\/revisions"}],"predecessor-version":[{"id":76080,"href":"https:\/\/www.egemtv.com\/index.php?rest_route=\/wp\/v2\/posts\/76078\/revisions\/76080"}],"wp:featuredmedia":[{"embeddable":true,"href":"https:\/\/www.egemtv.com\/index.php?rest_route=\/wp\/v2\/media\/76079"}],"wp:attachment":[{"href":"https:\/\/www.egemtv.com\/index.php?rest_route=%2Fwp%2Fv2%2Fmedia&parent=76078"}],"wp:term":[{"taxonomy":"category","embeddable":true,"href":"https:\/\/www.egemtv.com\/index.php?rest_route=%2Fwp%2Fv2%2Fcategories&post=76078"},{"taxonomy":"post_tag","embeddable":true,"href":"https:\/\/www.egemtv.com\/index.php?rest_route=%2Fwp%2Fv2%2Ftags&post=76078"}],"curies":[{"name":"wp","href":"https:\/\/api.w.org\/{rel}","templated":true}]}}