{"id":76075,"date":"2025-12-23T13:14:53","date_gmt":"2025-12-23T10:14:53","guid":{"rendered":"https:\/\/www.egemtv.com\/?p=76075"},"modified":"2025-12-23T13:14:54","modified_gmt":"2025-12-23T10:14:54","slug":"germencikte-zabita-ekipleri-zincir-marketlerde-denetim-gerceklestirdi","status":"publish","type":"post","link":"https:\/\/www.egemtv.com\/?p=76075","title":{"rendered":"Germencik\u2019te zab\u0131ta ekipleri zincir marketlerde denetim ger\u00e7ekle\u015ftirdi"},"content":{"rendered":"<p>Ayd\u0131n\u2019\u0131n Germencik il\u00e7esinde Germencik Belediyesi Zab\u0131ta M\u00fcd\u00fcrl\u00fc\u011f\u00fc\u2019ne ba\u011fl\u0131 ekipler, il\u00e7e genelinde halk sa\u011fl\u0131\u011f\u0131n\u0131n korunmas\u0131 amac\u0131yla zincir marketlerde fiyat ve son kullanma tarihi denetimi ger\u00e7ekle\u015ftirdi.<\/p>\n<p>Germencik merkez ile Ortaklar Mahallesi\u2019nde yap\u0131lan denetimlerde, raflardaki \u00fcr\u00fcnler tek tek kontrol edilirken, son kullanma tarihi ge\u00e7mi\u015f \u00fcr\u00fcnler tespit edildi. S\u00f6z konusu \u00fcr\u00fcnler; say\u0131, adet, barkod ve seri numaralar\u0131yla kay\u0131t alt\u0131na al\u0131narak tutanak d\u00fczenlendi ve g\u0131da kontrol g\u00f6revlilerine bildirildi. Tespit edilen \u00fcr\u00fcnlerle ilgili gerekli yasal i\u015flemler ba\u015flat\u0131ld\u0131. Belediyeden yap\u0131lan de\u011ferlendirmede, vatanda\u015flar\u0131n sa\u011fl\u0131kl\u0131 ve g\u00fcvenli g\u0131daya ula\u015fabilmesi i\u00e7in denetimlerin aral\u0131ks\u0131z s\u00fcrece\u011fi vurgulanarak, daha sa\u011fl\u0131kl\u0131 bir Germencik i\u00e7in \u00e7al\u0131\u015fmalar\u0131n kararl\u0131l\u0131kla devam edece\u011fi belirtildi.<br \/><\/p>\n","protected":false},"excerpt":{"rendered":"<p>Ayd\u0131n\u2019\u0131n Germencik il\u00e7esinde Germencik Belediyesi Zab\u0131ta M\u00fcd\u00fcrl\u00fc\u011f\u00fc\u2019ne ba\u011fl\u0131 ekipler, il\u00e7e genelinde halk sa\u011fl\u0131\u011f\u0131n\u0131n korunmas\u0131 amac\u0131yla zincir marketlerde fiyat ve son kullanma tarihi denetimi ger\u00e7ekle\u015ftirdi. Germencik merkez ile Ortaklar Mahallesi\u2019nde yap\u0131lan denetimlerde, raflardaki \u00fcr\u00fcnler tek tek kontrol edilirken, son kullanma tarihi ge\u00e7mi\u015f \u00fcr\u00fcnler tespit edildi. S\u00f6z konusu \u00fcr\u00fcnler; say\u0131, adet, barkod ve seri numaralar\u0131yla kay\u0131t alt\u0131na&#8230;<\/p>\n","protected":false},"author":1,"featured_media":76076,"comment_status":"open","ping_status":"open","sticky":false,"template":"","format":"standard","meta":{"_crdt_document":"","footnotes":""},"categories":[1],"tags":[],"class_list":["post-76075","post","type-post","status-publish","format-standard","has-post-thumbnail","hentry","category-guncel"],"_links":{"self":[{"href":"https:\/\/www.egemtv.com\/index.php?rest_route=\/wp\/v2\/posts\/76075","targetHints":{"allow":["GET"]}}],"collection":[{"href":"https:\/\/www.egemtv.com\/index.php?rest_route=\/wp\/v2\/posts"}],"about":[{"href":"https:\/\/www.egemtv.com\/index.php?rest_route=\/wp\/v2\/types\/post"}],"author":[{"embeddable":true,"href":"https:\/\/www.egemtv.com\/index.php?rest_route=\/wp\/v2\/users\/1"}],"replies":[{"embeddable":true,"href":"https:\/\/www.egemtv.com\/index.php?rest_route=%2Fwp%2Fv2%2Fcomments&post=76075"}],"version-history":[{"count":1,"href":"https:\/\/www.egemtv.com\/index.php?rest_route=\/wp\/v2\/posts\/76075\/revisions"}],"predecessor-version":[{"id":76077,"href":"https:\/\/www.egemtv.com\/index.php?rest_route=\/wp\/v2\/posts\/76075\/revisions\/76077"}],"wp:featuredmedia":[{"embeddable":true,"href":"https:\/\/www.egemtv.com\/index.php?rest_route=\/wp\/v2\/media\/76076"}],"wp:attachment":[{"href":"https:\/\/www.egemtv.com\/index.php?rest_route=%2Fwp%2Fv2%2Fmedia&parent=76075"}],"wp:term":[{"taxonomy":"category","embeddable":true,"href":"https:\/\/www.egemtv.com\/index.php?rest_route=%2Fwp%2Fv2%2Fcategories&post=76075"},{"taxonomy":"post_tag","embeddable":true,"href":"https:\/\/www.egemtv.com\/index.php?rest_route=%2Fwp%2Fv2%2Ftags&post=76075"}],"curies":[{"name":"wp","href":"https:\/\/api.w.org\/{rel}","templated":true}]}}