{"id":76072,"date":"2025-12-23T13:14:52","date_gmt":"2025-12-23T10:14:52","guid":{"rendered":"https:\/\/www.egemtv.com\/?p=76072"},"modified":"2025-12-23T13:14:53","modified_gmt":"2025-12-23T10:14:53","slug":"yk-enerji-sirketinde-toplu-is-sozlesmesi-imzalandi","status":"publish","type":"post","link":"https:\/\/www.egemtv.com\/?p=76072","title":{"rendered":"YK Enerji \u015eirketi\u2019nde toplu i\u015f s\u00f6zle\u015fmesi imzaland\u0131"},"content":{"rendered":"<p>Yenik\u00f6y ve Kemerk\u00f6y Termik Santralleri\u2019nde \u00e7al\u0131\u015fan enerji i\u015f\u00e7ilerini kapsayan 6. D\u00f6nem Toplu \u0130\u015f S\u00f6zle\u015fmesi imza alt\u0131na al\u0131nd\u0131.<\/p>\n<p>TES-\u0130\u015e Sendikas\u0131 ile YK Enerji \u015eirketi aras\u0131nda var\u0131lan anla\u015fma do\u011frultusunda, i\u015f\u00e7ilerin \u00fccret ve \u00e7al\u0131\u015fma \u015fartlar\u0131nda \u00f6nemli iyile\u015ftirmeler yap\u0131l\u0131rken, sosyal haklar da g\u00fc\u00e7lendirildi. Yenik\u00f6y-Kemerk\u00f6y Elektrik \u00dcretim A.\u015e.\u2019ye ba\u011fl\u0131 i\u015fyerlerinde \u00e7al\u0131\u015fan \u00fcyeler i\u00e7in 01 Mart 2025 &#8211; 28 \u015eubat 2027 tarihlerini kapsayan toplu i\u015f s\u00f6zle\u015fmesinin 22 Aral\u0131k 2026 tarihinde imzaland\u0131\u011f\u0131 a\u00e7\u0131kland\u0131.  S\u00f6zle\u015fme kapsam\u0131nda \u00fccretler ve sosyal haklarda y\u00fczde 65 ile y\u00fczde 400 aras\u0131nda art\u0131\u015f sa\u011fland\u0131\u011f\u0131, ayr\u0131ca yeni kazan\u0131mlar elde edildi\u011fi ifade edildi.<\/p>\n<p>Toplu s\u00f6zle\u015fme s\u00fcrecinde \u00fcyelerin g\u00f6sterdi\u011fi destek, sab\u0131r ve anlay\u0131\u015f i\u00e7in te\u015fekk\u00fcr eden TES-\u0130\u015e Yata\u011fan \u015eube Ba\u015fkan\u0131 Fatih Er\u00e7elik, eme\u011fi ge\u00e7en herkese \u015f\u00fckranlar\u0131n\u0131 sundu. Er\u00e7elik, s\u00f6zle\u015fmenin masa ba\u015f\u0131nda uzla\u015f\u0131yla tamamlanmas\u0131nda katk\u0131 sa\u011flayan \u015firket yetkililerine de te\u015fekk\u00fcr etti.<br \/><\/p>\n","protected":false},"excerpt":{"rendered":"<p>Yenik\u00f6y ve Kemerk\u00f6y Termik Santralleri\u2019nde \u00e7al\u0131\u015fan enerji i\u015f\u00e7ilerini kapsayan 6. D\u00f6nem Toplu \u0130\u015f S\u00f6zle\u015fmesi imza alt\u0131na al\u0131nd\u0131. TES-\u0130\u015e Sendikas\u0131 ile YK Enerji \u015eirketi aras\u0131nda var\u0131lan anla\u015fma do\u011frultusunda, i\u015f\u00e7ilerin \u00fccret ve \u00e7al\u0131\u015fma \u015fartlar\u0131nda \u00f6nemli iyile\u015ftirmeler yap\u0131l\u0131rken, sosyal haklar da g\u00fc\u00e7lendirildi. Yenik\u00f6y-Kemerk\u00f6y Elektrik \u00dcretim A.\u015e.\u2019ye ba\u011fl\u0131 i\u015fyerlerinde \u00e7al\u0131\u015fan \u00fcyeler i\u00e7in 01 Mart 2025 &#8211; 28 \u015eubat 2027&#8230;<\/p>\n","protected":false},"author":1,"featured_media":76073,"comment_status":"open","ping_status":"open","sticky":false,"template":"","format":"standard","meta":{"_crdt_document":"","footnotes":""},"categories":[125],"tags":[],"class_list":["post-76072","post","type-post","status-publish","format-standard","has-post-thumbnail","hentry","category-ekonomi"],"_links":{"self":[{"href":"https:\/\/www.egemtv.com\/index.php?rest_route=\/wp\/v2\/posts\/76072","targetHints":{"allow":["GET"]}}],"collection":[{"href":"https:\/\/www.egemtv.com\/index.php?rest_route=\/wp\/v2\/posts"}],"about":[{"href":"https:\/\/www.egemtv.com\/index.php?rest_route=\/wp\/v2\/types\/post"}],"author":[{"embeddable":true,"href":"https:\/\/www.egemtv.com\/index.php?rest_route=\/wp\/v2\/users\/1"}],"replies":[{"embeddable":true,"href":"https:\/\/www.egemtv.com\/index.php?rest_route=%2Fwp%2Fv2%2Fcomments&post=76072"}],"version-history":[{"count":1,"href":"https:\/\/www.egemtv.com\/index.php?rest_route=\/wp\/v2\/posts\/76072\/revisions"}],"predecessor-version":[{"id":76074,"href":"https:\/\/www.egemtv.com\/index.php?rest_route=\/wp\/v2\/posts\/76072\/revisions\/76074"}],"wp:featuredmedia":[{"embeddable":true,"href":"https:\/\/www.egemtv.com\/index.php?rest_route=\/wp\/v2\/media\/76073"}],"wp:attachment":[{"href":"https:\/\/www.egemtv.com\/index.php?rest_route=%2Fwp%2Fv2%2Fmedia&parent=76072"}],"wp:term":[{"taxonomy":"category","embeddable":true,"href":"https:\/\/www.egemtv.com\/index.php?rest_route=%2Fwp%2Fv2%2Fcategories&post=76072"},{"taxonomy":"post_tag","embeddable":true,"href":"https:\/\/www.egemtv.com\/index.php?rest_route=%2Fwp%2Fv2%2Ftags&post=76072"}],"curies":[{"name":"wp","href":"https:\/\/api.w.org\/{rel}","templated":true}]}}