{"id":76069,"date":"2025-12-23T12:55:44","date_gmt":"2025-12-23T09:55:44","guid":{"rendered":"https:\/\/www.egemtv.com\/?p=76069"},"modified":"2025-12-23T12:55:45","modified_gmt":"2025-12-23T09:55:45","slug":"tavsanli-protokolu-ve-vatandaslar-lokma-etkinliginde-bulustu","status":"publish","type":"post","link":"https:\/\/www.egemtv.com\/?p=76069","title":{"rendered":"Tav\u015fanl\u0131 protokol\u00fc ve vatanda\u015flar lokma etkinli\u011finde bulu\u015ftu"},"content":{"rendered":"<p>K\u00fctahya\u2019n\u0131n Tav\u015fanl\u0131 il\u00e7esinde, m\u00fcbarek \u00fc\u00e7 aylar\u0131n ba\u015flang\u0131c\u0131 dolay\u0131s\u0131yla geleneksel lokma ikram\u0131 etkinli\u011fi d\u00fczenlendi. Cumhuriyet Meydan\u0131\u2019nda ger\u00e7ekle\u015ftirilen programda dualar e\u015fli\u011finde y\u00fczlerce vatanda\u015fa lokma da\u011f\u0131t\u0131ld\u0131.<br \/>\n<br \/>Tav\u015fanl\u0131 Hay\u0131rl\u0131 Hizmetler Vakf\u0131 taraf\u0131ndan organize edilen ve her y\u0131l geleneksel olarak s\u00fcrd\u00fcr\u00fclen lokma ikram\u0131, bu y\u0131l da Cumhuriyet Meydan\u0131\u2019nda yo\u011fun kat\u0131l\u0131mla ger\u00e7ekle\u015ftirildi. \u00dc\u00e7 aylar\u0131n manevi iklimini payla\u015fmak ve birlik beraberli\u011fi peki\u015ftirmek amac\u0131yla d\u00fczenlenen programda, kazanlarda pi\u015firilen s\u0131cak lokmalar vatanda\u015flara sunuldu.<br \/>\n<br \/>Programa; Tav\u015fanl\u0131 Kaymakam\u0131 \u00d6mer Faruk \u00d6zdemir, AK Parti Tav\u015fanl\u0131 \u0130l\u00e7e Ba\u015fkan\u0131 Himmet \u00d6zer, MHP Tav\u015fanl\u0131 \u0130l\u00e7e Ba\u015fkan\u0131 K\u00fcr\u015fat \u00d6zta\u015f, \u0130l\u00e7e Milli E\u011fitim M\u00fcd\u00fcr\u00fc Ra\u015fit K\u00fc\u00e7\u00fckka\u011fn\u0131c\u0131, Hay\u0131rl\u0131 Hizmetler Vakf\u0131 Ba\u015fkan\u0131 ve y\u00f6netim kurulu \u00fcyeleri, \u00e7e\u015fitli sivil toplum kurulu\u015fu temsilcileri , bas\u0131n mensuplar\u0131 ile \u00e7ok say\u0131da vatanda\u015f kat\u0131ld\u0131.<br \/><\/p>\n","protected":false},"excerpt":{"rendered":"<p>K\u00fctahya\u2019n\u0131n Tav\u015fanl\u0131 il\u00e7esinde, m\u00fcbarek \u00fc\u00e7 aylar\u0131n ba\u015flang\u0131c\u0131 dolay\u0131s\u0131yla geleneksel lokma ikram\u0131 etkinli\u011fi d\u00fczenlendi. Cumhuriyet Meydan\u0131\u2019nda ger\u00e7ekle\u015ftirilen programda dualar e\u015fli\u011finde y\u00fczlerce vatanda\u015fa lokma da\u011f\u0131t\u0131ld\u0131. Tav\u015fanl\u0131 Hay\u0131rl\u0131 Hizmetler Vakf\u0131 taraf\u0131ndan organize edilen ve her y\u0131l geleneksel olarak s\u00fcrd\u00fcr\u00fclen lokma ikram\u0131, bu y\u0131l da Cumhuriyet Meydan\u0131\u2019nda yo\u011fun kat\u0131l\u0131mla ger\u00e7ekle\u015ftirildi. \u00dc\u00e7 aylar\u0131n manevi iklimini payla\u015fmak ve birlik beraberli\u011fi peki\u015ftirmek&#8230;<\/p>\n","protected":false},"author":1,"featured_media":76070,"comment_status":"open","ping_status":"open","sticky":false,"template":"","format":"standard","meta":{"_crdt_document":"","footnotes":""},"categories":[1],"tags":[],"class_list":["post-76069","post","type-post","status-publish","format-standard","has-post-thumbnail","hentry","category-guncel"],"_links":{"self":[{"href":"https:\/\/www.egemtv.com\/index.php?rest_route=\/wp\/v2\/posts\/76069","targetHints":{"allow":["GET"]}}],"collection":[{"href":"https:\/\/www.egemtv.com\/index.php?rest_route=\/wp\/v2\/posts"}],"about":[{"href":"https:\/\/www.egemtv.com\/index.php?rest_route=\/wp\/v2\/types\/post"}],"author":[{"embeddable":true,"href":"https:\/\/www.egemtv.com\/index.php?rest_route=\/wp\/v2\/users\/1"}],"replies":[{"embeddable":true,"href":"https:\/\/www.egemtv.com\/index.php?rest_route=%2Fwp%2Fv2%2Fcomments&post=76069"}],"version-history":[{"count":1,"href":"https:\/\/www.egemtv.com\/index.php?rest_route=\/wp\/v2\/posts\/76069\/revisions"}],"predecessor-version":[{"id":76071,"href":"https:\/\/www.egemtv.com\/index.php?rest_route=\/wp\/v2\/posts\/76069\/revisions\/76071"}],"wp:featuredmedia":[{"embeddable":true,"href":"https:\/\/www.egemtv.com\/index.php?rest_route=\/wp\/v2\/media\/76070"}],"wp:attachment":[{"href":"https:\/\/www.egemtv.com\/index.php?rest_route=%2Fwp%2Fv2%2Fmedia&parent=76069"}],"wp:term":[{"taxonomy":"category","embeddable":true,"href":"https:\/\/www.egemtv.com\/index.php?rest_route=%2Fwp%2Fv2%2Fcategories&post=76069"},{"taxonomy":"post_tag","embeddable":true,"href":"https:\/\/www.egemtv.com\/index.php?rest_route=%2Fwp%2Fv2%2Ftags&post=76069"}],"curies":[{"name":"wp","href":"https:\/\/api.w.org\/{rel}","templated":true}]}}