{"id":76066,"date":"2025-12-23T12:34:48","date_gmt":"2025-12-23T09:34:48","guid":{"rendered":"https:\/\/www.egemtv.com\/?p=76066"},"modified":"2025-12-23T12:34:49","modified_gmt":"2025-12-23T09:34:49","slug":"dinara-yapilacak-kacis-rampasi-projesiyle-ilgili-yeni-gelisme","status":"publish","type":"post","link":"https:\/\/www.egemtv.com\/?p=76066","title":{"rendered":"Dinar\u2019a yap\u0131lacak ka\u00e7\u0131\u015f rampas\u0131 projesiyle ilgili yeni geli\u015fme"},"content":{"rendered":"<p>Afyonkarahisar\u2019\u0131n Dinar il\u00e7esinde \u00f6nemli bir trafik sorununu \u00e7\u00f6z\u00fcme kavu\u015fturacak olan ka\u00e7\u0131\u015f rampas\u0131 projesinde \u00f6nemli bir a\u015famaya ge\u00e7ildi.<br \/>\n<br \/>Dinar il\u00e7esi Su\u00e7\u0131kan mevkiinde yap\u0131lmas\u0131 planlanan ka\u00e7\u0131\u015f rampas\u0131 projesi \u00e7er\u00e7evesinde y\u00fcr\u00fct\u00fclen \u00e7al\u0131\u015fmalar aral\u0131ks\u0131z devam ediyor. Projeye ili\u015fkin teknik ve idari s\u00fcrecin ele al\u0131nd\u0131\u011f\u0131 kritik bir g\u00f6r\u00fc\u015fme, bug\u00fcn do\u011frudan rampan\u0131n yap\u0131lmas\u0131n\u0131n planland\u0131\u011f\u0131 alanda ger\u00e7ekle\u015ftirildi.<br \/>\n<br \/>Ger\u00e7ekle\u015ftirilen g\u00f6r\u00fc\u015fmeye Dinar Belediye Ba\u015fkan\u0131 Veysel Top\u00e7u\u2019da kat\u0131larak \u00e7al\u0131\u015fmalar\u0131 yerinde takip etti. G\u00f6r\u00fc\u015fmede, ka\u00e7\u0131\u015f rampas\u0131n\u0131n uygulama s\u00fcreci, teknik detaylar\u0131 ve kurumlar aras\u0131 koordinasyon konular\u0131 kapsaml\u0131 \u015fekilde de\u011ferlendirildi.<br \/>\n<br \/>Sahada yap\u0131lan g\u00f6r\u00fc\u015fmeye ayr\u0131ca Karayollar\u0131 Genel M\u00fcd\u00fcrl\u00fc\u011f\u00fc Genel M\u00fcd\u00fcr Yard\u0131mc\u0131s\u0131 G\u00f6khan Macit, Karayollar\u0131 13. B\u00f6lge M\u00fcd\u00fcrl\u00fc\u011f\u00fc Et\u00fct Proje Ba\u015fm\u00fchendisi Ayhan Bacak, arkeolog Muhammed Sevim, Karayollar\u0131 13. B\u00f6lge M\u00fcd\u00fcrl\u00fc\u011f\u00fc Kontrol M\u00fchendisi Bar\u0131\u015f Tezcanl\u0131, Afyonkarahisar M\u00fcze M\u00fcd\u00fcr\u00fc Mehmet Garipcin ve Dinar Belediyesi Meclis \u00dcyesi Metehan Ayd\u0131n kat\u0131ld\u0131.<br \/>\n<br \/>\u00d6zellikle a\u011f\u0131r tonajl\u0131 ara\u00e7lar\u0131n ini\u015flerde olu\u015fturabilece\u011fi riskleri en aza indirmek ve trafik g\u00fcvenli\u011fini art\u0131rmak a\u00e7\u0131s\u0131ndan b\u00fcy\u00fck \u00f6nem ta\u015f\u0131yan ka\u00e7\u0131\u015f rampas\u0131 projesinin bir an \u00f6nce hayata ge\u00e7irilmesi i\u00e7in ilgili t\u00fcm kurumlarla i\u015f birli\u011fi i\u00e7erisinde \u00e7al\u0131\u015fmalar\u0131m\u0131z\u0131 kararl\u0131l\u0131kla s\u00fcrd\u00fcr\u00fcld\u00fc\u011f\u00fc belirtildi.<br \/><\/p>\n","protected":false},"excerpt":{"rendered":"<p>Afyonkarahisar\u2019\u0131n Dinar il\u00e7esinde \u00f6nemli bir trafik sorununu \u00e7\u00f6z\u00fcme kavu\u015fturacak olan ka\u00e7\u0131\u015f rampas\u0131 projesinde \u00f6nemli bir a\u015famaya ge\u00e7ildi. Dinar il\u00e7esi Su\u00e7\u0131kan mevkiinde yap\u0131lmas\u0131 planlanan ka\u00e7\u0131\u015f rampas\u0131 projesi \u00e7er\u00e7evesinde y\u00fcr\u00fct\u00fclen \u00e7al\u0131\u015fmalar aral\u0131ks\u0131z devam ediyor. Projeye ili\u015fkin teknik ve idari s\u00fcrecin ele al\u0131nd\u0131\u011f\u0131 kritik bir g\u00f6r\u00fc\u015fme, bug\u00fcn do\u011frudan rampan\u0131n yap\u0131lmas\u0131n\u0131n planland\u0131\u011f\u0131 alanda ger\u00e7ekle\u015ftirildi. Ger\u00e7ekle\u015ftirilen g\u00f6r\u00fc\u015fmeye Dinar Belediye Ba\u015fkan\u0131&#8230;<\/p>\n","protected":false},"author":1,"featured_media":76067,"comment_status":"open","ping_status":"open","sticky":false,"template":"","format":"standard","meta":{"_crdt_document":"","footnotes":""},"categories":[1],"tags":[],"class_list":["post-76066","post","type-post","status-publish","format-standard","has-post-thumbnail","hentry","category-guncel"],"_links":{"self":[{"href":"https:\/\/www.egemtv.com\/index.php?rest_route=\/wp\/v2\/posts\/76066","targetHints":{"allow":["GET"]}}],"collection":[{"href":"https:\/\/www.egemtv.com\/index.php?rest_route=\/wp\/v2\/posts"}],"about":[{"href":"https:\/\/www.egemtv.com\/index.php?rest_route=\/wp\/v2\/types\/post"}],"author":[{"embeddable":true,"href":"https:\/\/www.egemtv.com\/index.php?rest_route=\/wp\/v2\/users\/1"}],"replies":[{"embeddable":true,"href":"https:\/\/www.egemtv.com\/index.php?rest_route=%2Fwp%2Fv2%2Fcomments&post=76066"}],"version-history":[{"count":1,"href":"https:\/\/www.egemtv.com\/index.php?rest_route=\/wp\/v2\/posts\/76066\/revisions"}],"predecessor-version":[{"id":76068,"href":"https:\/\/www.egemtv.com\/index.php?rest_route=\/wp\/v2\/posts\/76066\/revisions\/76068"}],"wp:featuredmedia":[{"embeddable":true,"href":"https:\/\/www.egemtv.com\/index.php?rest_route=\/wp\/v2\/media\/76067"}],"wp:attachment":[{"href":"https:\/\/www.egemtv.com\/index.php?rest_route=%2Fwp%2Fv2%2Fmedia&parent=76066"}],"wp:term":[{"taxonomy":"category","embeddable":true,"href":"https:\/\/www.egemtv.com\/index.php?rest_route=%2Fwp%2Fv2%2Fcategories&post=76066"},{"taxonomy":"post_tag","embeddable":true,"href":"https:\/\/www.egemtv.com\/index.php?rest_route=%2Fwp%2Fv2%2Ftags&post=76066"}],"curies":[{"name":"wp","href":"https:\/\/api.w.org\/{rel}","templated":true}]}}