{"id":76063,"date":"2025-12-23T12:34:47","date_gmt":"2025-12-23T09:34:47","guid":{"rendered":"https:\/\/www.egemtv.com\/?p=76063"},"modified":"2025-12-23T12:34:48","modified_gmt":"2025-12-23T09:34:48","slug":"tir-ile-hafif-ticari-aracin-carpistigi-kazada-yasli-adam-hayatini-kaybetti","status":"publish","type":"post","link":"https:\/\/www.egemtv.com\/?p=76063","title":{"rendered":"T\u0131r ile hafif ticari arac\u0131n \u00e7arp\u0131\u015ft\u0131\u011f\u0131 kazada ya\u015fl\u0131 adam hayat\u0131n\u0131 kaybetti"},"content":{"rendered":"<p>Denizli\u2019de tali yoldan anayola \u00e7\u0131kmak isteyen ya\u015fl\u0131 adam\u0131n kulland\u0131\u011f\u0131 otomobil mermer y\u00fckl\u00fc t\u0131rla \u00e7arp\u0131\u015ft\u0131. Kaza sonucu 78 ya\u015f\u0131ndaki talihsiz s\u00fcr\u00fcc\u00fc olay yerinde ya\u015fam\u0131n\u0131 yitirdi.<\/p>\n<p>Kaza, \u00c7ardak il\u00e7esi H\u00fcrriyet Mahallesi Denizli -Afyon karayolu \u00fczerinde meydana geldi. Edinilen bilgilere g\u00f6re, Musa Tuna (78), 20 U 4614 plakal\u0131 Citroen marka hafif ticari ara\u00e7 ile tali yoldan anayola kat\u0131laca\u011f\u0131 s\u0131rada s\u00fcr\u00fcc\u00fcs\u00fc hen\u00fcz \u00f6\u011frenilemeyen mermer blo\u011fu y\u00fckl\u00fc 42 AFT 335 plakal\u0131 t\u0131r ile \u00e7arp\u0131\u015ft\u0131. \u00c7arp\u0131\u015fman\u0131n etkisiyle ya\u015fl\u0131 adam\u0131n i\u00e7erisinde bulundu\u011fu hafif ticari ara\u00e7 metrelerce s\u00fcr\u00fcklendi. \u00c7evredeki vatanda\u015flar\u0131n 112 Acil \u00c7a\u011fr\u0131 Merkezine ihbar\u0131 \u00fczerine b\u00f6lgeye polis ve sa\u011fl\u0131k ekipleri sevk edildi.<\/p>\n<p>Sa\u011fl\u0131k ekipleri taraf\u0131ndan yap\u0131lan kontrollerde hafif ticari ara\u00e7 s\u00fcr\u00fcc\u00fcs\u00fc Musa Tuna\u2019n\u0131n olay yerinde ya\u015fam\u0131n\u0131 yitirdi\u011fi belirlendi. Olay yerindeki incelemelerin ard\u0131ndan talihsiz adam\u0131n cans\u0131z bedeni otopsi yap\u0131lmak \u00fczere morga kald\u0131r\u0131ld\u0131. Kazayla ilgili soru\u015fturma ba\u015flat\u0131ld\u0131.<br \/><\/p>\n","protected":false},"excerpt":{"rendered":"<p>Denizli\u2019de tali yoldan anayola \u00e7\u0131kmak isteyen ya\u015fl\u0131 adam\u0131n kulland\u0131\u011f\u0131 otomobil mermer y\u00fckl\u00fc t\u0131rla \u00e7arp\u0131\u015ft\u0131. Kaza sonucu 78 ya\u015f\u0131ndaki talihsiz s\u00fcr\u00fcc\u00fc olay yerinde ya\u015fam\u0131n\u0131 yitirdi. Kaza, \u00c7ardak il\u00e7esi H\u00fcrriyet Mahallesi Denizli -Afyon karayolu \u00fczerinde meydana geldi. Edinilen bilgilere g\u00f6re, Musa Tuna (78), 20 U 4614 plakal\u0131 Citroen marka hafif ticari ara\u00e7 ile tali yoldan anayola kat\u0131laca\u011f\u0131&#8230;<\/p>\n","protected":false},"author":1,"featured_media":76064,"comment_status":"open","ping_status":"open","sticky":false,"template":"","format":"standard","meta":{"_crdt_document":"","footnotes":""},"categories":[5],"tags":[],"class_list":["post-76063","post","type-post","status-publish","format-standard","has-post-thumbnail","hentry","category-asayis"],"_links":{"self":[{"href":"https:\/\/www.egemtv.com\/index.php?rest_route=\/wp\/v2\/posts\/76063","targetHints":{"allow":["GET"]}}],"collection":[{"href":"https:\/\/www.egemtv.com\/index.php?rest_route=\/wp\/v2\/posts"}],"about":[{"href":"https:\/\/www.egemtv.com\/index.php?rest_route=\/wp\/v2\/types\/post"}],"author":[{"embeddable":true,"href":"https:\/\/www.egemtv.com\/index.php?rest_route=\/wp\/v2\/users\/1"}],"replies":[{"embeddable":true,"href":"https:\/\/www.egemtv.com\/index.php?rest_route=%2Fwp%2Fv2%2Fcomments&post=76063"}],"version-history":[{"count":1,"href":"https:\/\/www.egemtv.com\/index.php?rest_route=\/wp\/v2\/posts\/76063\/revisions"}],"predecessor-version":[{"id":76065,"href":"https:\/\/www.egemtv.com\/index.php?rest_route=\/wp\/v2\/posts\/76063\/revisions\/76065"}],"wp:featuredmedia":[{"embeddable":true,"href":"https:\/\/www.egemtv.com\/index.php?rest_route=\/wp\/v2\/media\/76064"}],"wp:attachment":[{"href":"https:\/\/www.egemtv.com\/index.php?rest_route=%2Fwp%2Fv2%2Fmedia&parent=76063"}],"wp:term":[{"taxonomy":"category","embeddable":true,"href":"https:\/\/www.egemtv.com\/index.php?rest_route=%2Fwp%2Fv2%2Fcategories&post=76063"},{"taxonomy":"post_tag","embeddable":true,"href":"https:\/\/www.egemtv.com\/index.php?rest_route=%2Fwp%2Fv2%2Ftags&post=76063"}],"curies":[{"name":"wp","href":"https:\/\/api.w.org\/{rel}","templated":true}]}}