{"id":76057,"date":"2025-12-23T12:34:46","date_gmt":"2025-12-23T09:34:46","guid":{"rendered":"https:\/\/www.egemtv.com\/?p=76057"},"modified":"2025-12-23T12:34:47","modified_gmt":"2025-12-23T09:34:47","slug":"sultandagi-sydv-mutevelli-heyetinin-muhtar-uyeleri-secildi","status":"publish","type":"post","link":"https:\/\/www.egemtv.com\/?p=76057","title":{"rendered":"Sultanda\u011f\u0131 SYDV M\u00fctevelli Heyeti\u2019nin muhtar \u00fcyeleri se\u00e7ildi"},"content":{"rendered":"<p>Afyonkarahisar\u2019\u0131n Sultanda\u011f\u0131 il\u00e7esinde Sosyal Yard\u0131mla\u015fma ve Dayan\u0131\u015fma Vakf\u0131(SYDV) M\u00fctevelli Heyeti\u2019nde g\u00f6rev alacak muhtar \u00fcyelerin belirlenmesi i\u00e7in se\u00e7im yap\u0131ld\u0131.<br \/>\n<br \/>Sultanda\u011f\u0131 Kaymakaml\u0131\u011f\u0131 toplant\u0131 salonunda 28 muhtar\u0131n oy kulland\u0131\u011f\u0131 se\u00e7imde Dere\u00e7ine Cumhuriyet Mahallesi Muhtar\u0131 S\u00fcleyman \u00d6zata ve K\u0131rca K\u00f6y\u00fc Muhtar\u0131 \u00d6zg\u00fcr Do\u011fru oy \u00e7oklu\u011fu ile SYDV M\u00fctevelli Heyeti\u2019nin muhtar \u00fcyeli\u011fine se\u00e7ildi.<br \/>\n<br \/>SYDV M\u00fcd\u00fcr\u00fc Hakk\u0131 Din\u00e7 vak\u0131f taraf\u0131ndan yap\u0131lan sosyal yard\u0131mlar\u0131n devam etti\u011fini belirterek, ihtiya\u00e7 sahibi kimselerin durumlar\u0131n\u0131 muhtarlar arac\u0131l\u0131\u011f\u0131yla vakfa bildirmesi halinde gerekli deste\u011fin sa\u011flanaca\u011f\u0131n\u0131 kaydetti.<br \/><\/p>\n","protected":false},"excerpt":{"rendered":"<p>Afyonkarahisar\u2019\u0131n Sultanda\u011f\u0131 il\u00e7esinde Sosyal Yard\u0131mla\u015fma ve Dayan\u0131\u015fma Vakf\u0131(SYDV) M\u00fctevelli Heyeti\u2019nde g\u00f6rev alacak muhtar \u00fcyelerin belirlenmesi i\u00e7in se\u00e7im yap\u0131ld\u0131. Sultanda\u011f\u0131 Kaymakaml\u0131\u011f\u0131 toplant\u0131 salonunda 28 muhtar\u0131n oy kulland\u0131\u011f\u0131 se\u00e7imde Dere\u00e7ine Cumhuriyet Mahallesi Muhtar\u0131 S\u00fcleyman \u00d6zata ve K\u0131rca K\u00f6y\u00fc Muhtar\u0131 \u00d6zg\u00fcr Do\u011fru oy \u00e7oklu\u011fu ile SYDV M\u00fctevelli Heyeti\u2019nin muhtar \u00fcyeli\u011fine se\u00e7ildi. SYDV M\u00fcd\u00fcr\u00fc Hakk\u0131 Din\u00e7 vak\u0131f taraf\u0131ndan yap\u0131lan&#8230;<\/p>\n","protected":false},"author":1,"featured_media":76058,"comment_status":"open","ping_status":"open","sticky":false,"template":"","format":"standard","meta":{"_crdt_document":"","footnotes":""},"categories":[1],"tags":[],"class_list":["post-76057","post","type-post","status-publish","format-standard","has-post-thumbnail","hentry","category-guncel"],"_links":{"self":[{"href":"https:\/\/www.egemtv.com\/index.php?rest_route=\/wp\/v2\/posts\/76057","targetHints":{"allow":["GET"]}}],"collection":[{"href":"https:\/\/www.egemtv.com\/index.php?rest_route=\/wp\/v2\/posts"}],"about":[{"href":"https:\/\/www.egemtv.com\/index.php?rest_route=\/wp\/v2\/types\/post"}],"author":[{"embeddable":true,"href":"https:\/\/www.egemtv.com\/index.php?rest_route=\/wp\/v2\/users\/1"}],"replies":[{"embeddable":true,"href":"https:\/\/www.egemtv.com\/index.php?rest_route=%2Fwp%2Fv2%2Fcomments&post=76057"}],"version-history":[{"count":1,"href":"https:\/\/www.egemtv.com\/index.php?rest_route=\/wp\/v2\/posts\/76057\/revisions"}],"predecessor-version":[{"id":76059,"href":"https:\/\/www.egemtv.com\/index.php?rest_route=\/wp\/v2\/posts\/76057\/revisions\/76059"}],"wp:featuredmedia":[{"embeddable":true,"href":"https:\/\/www.egemtv.com\/index.php?rest_route=\/wp\/v2\/media\/76058"}],"wp:attachment":[{"href":"https:\/\/www.egemtv.com\/index.php?rest_route=%2Fwp%2Fv2%2Fmedia&parent=76057"}],"wp:term":[{"taxonomy":"category","embeddable":true,"href":"https:\/\/www.egemtv.com\/index.php?rest_route=%2Fwp%2Fv2%2Fcategories&post=76057"},{"taxonomy":"post_tag","embeddable":true,"href":"https:\/\/www.egemtv.com\/index.php?rest_route=%2Fwp%2Fv2%2Ftags&post=76057"}],"curies":[{"name":"wp","href":"https:\/\/api.w.org\/{rel}","templated":true}]}}