{"id":76051,"date":"2025-12-23T12:14:52","date_gmt":"2025-12-23T09:14:52","guid":{"rendered":"https:\/\/www.egemtv.com\/?p=76051"},"modified":"2025-12-23T12:14:53","modified_gmt":"2025-12-23T09:14:53","slug":"menemen-fk-devreye-play-off-hattinin-gerisinde-girdi","status":"publish","type":"post","link":"https:\/\/www.egemtv.com\/?p=76051","title":{"rendered":"Menemen FK, devreye play-off hatt\u0131n\u0131n gerisinde girdi"},"content":{"rendered":"<p>Menemen FK, TFF 2. Lig K\u0131rm\u0131z\u0131 Grup\u2019ta ligin ilk yar\u0131s\u0131n\u0131n son haftas\u0131nda sahas\u0131nda a\u011f\u0131rlad\u0131\u011f\u0131 1461 Trabzon FK ile berabere kalarak devre aras\u0131na play-off hatt\u0131n\u0131n hemen gerisinde girdi.<br \/>\n<br \/>TFF 2. Lig K\u0131rm\u0131z\u0131 Grup ekiplerinden Menemen FK, ligin ilk yar\u0131s\u0131n\u0131n son haftas\u0131nda 1461 Trabzon FK\u2019y\u0131 sahas\u0131nda a\u011f\u0131rlad\u0131. \u0130zmir temsilcisi, zorlu kar\u015f\u0131la\u015fmadan 2-2\u2019lik beraberlikle ayr\u0131larak 1 puan\u0131 hanesine yazd\u0131rd\u0131 ve puan\u0131n\u0131 26\u2019ya y\u00fckseltti.<br \/>\n<br \/>Menemen FK, Futbol Federasyonu Profesyonel Futbol Disiplin Kurulu\u2019nun karar\u0131yla ma\u00e7lara \u00e7\u0131kmad\u0131\u011f\u0131 i\u00e7in 18 Aral\u0131k\u2019ta k\u00fcme d\u00fc\u015f\u00fcr\u00fclen Yeni Malatyaspor kar\u015f\u0131s\u0131nda yar\u0131na ertelenen ma\u00e7tan da h\u00fckmen 3 puan alacak. B\u00f6ylece puan\u0131 29\u2019a \u00e7\u0131kacak ve 8. s\u0131radaki yerini koruyacak. Sar\u0131-lacivertliler, play-off hatt\u0131yla aras\u0131ndaki fark\u0131 2 puana indirmi\u015f olacak. Teknik direkt\u00f6r Bilal K\u0131sa ve \u00f6\u011frencileri, ikinci yar\u0131da galibiyet serisi yakalayarak sezonu play-off hatt\u0131nda tamamlamay\u0131 hedefliyor.<br \/><\/p>\n","protected":false},"excerpt":{"rendered":"<p>Menemen FK, TFF 2. Lig K\u0131rm\u0131z\u0131 Grup\u2019ta ligin ilk yar\u0131s\u0131n\u0131n son haftas\u0131nda sahas\u0131nda a\u011f\u0131rlad\u0131\u011f\u0131 1461 Trabzon FK ile berabere kalarak devre aras\u0131na play-off hatt\u0131n\u0131n hemen gerisinde girdi. TFF 2. Lig K\u0131rm\u0131z\u0131 Grup ekiplerinden Menemen FK, ligin ilk yar\u0131s\u0131n\u0131n son haftas\u0131nda 1461 Trabzon FK\u2019y\u0131 sahas\u0131nda a\u011f\u0131rlad\u0131. \u0130zmir temsilcisi, zorlu kar\u015f\u0131la\u015fmadan 2-2\u2019lik beraberlikle ayr\u0131larak 1 puan\u0131 hanesine&#8230;<\/p>\n","protected":false},"author":1,"featured_media":76052,"comment_status":"open","ping_status":"open","sticky":false,"template":"","format":"standard","meta":{"_crdt_document":"","footnotes":""},"categories":[4],"tags":[],"class_list":["post-76051","post","type-post","status-publish","format-standard","has-post-thumbnail","hentry","category-spor"],"_links":{"self":[{"href":"https:\/\/www.egemtv.com\/index.php?rest_route=\/wp\/v2\/posts\/76051","targetHints":{"allow":["GET"]}}],"collection":[{"href":"https:\/\/www.egemtv.com\/index.php?rest_route=\/wp\/v2\/posts"}],"about":[{"href":"https:\/\/www.egemtv.com\/index.php?rest_route=\/wp\/v2\/types\/post"}],"author":[{"embeddable":true,"href":"https:\/\/www.egemtv.com\/index.php?rest_route=\/wp\/v2\/users\/1"}],"replies":[{"embeddable":true,"href":"https:\/\/www.egemtv.com\/index.php?rest_route=%2Fwp%2Fv2%2Fcomments&post=76051"}],"version-history":[{"count":1,"href":"https:\/\/www.egemtv.com\/index.php?rest_route=\/wp\/v2\/posts\/76051\/revisions"}],"predecessor-version":[{"id":76053,"href":"https:\/\/www.egemtv.com\/index.php?rest_route=\/wp\/v2\/posts\/76051\/revisions\/76053"}],"wp:featuredmedia":[{"embeddable":true,"href":"https:\/\/www.egemtv.com\/index.php?rest_route=\/wp\/v2\/media\/76052"}],"wp:attachment":[{"href":"https:\/\/www.egemtv.com\/index.php?rest_route=%2Fwp%2Fv2%2Fmedia&parent=76051"}],"wp:term":[{"taxonomy":"category","embeddable":true,"href":"https:\/\/www.egemtv.com\/index.php?rest_route=%2Fwp%2Fv2%2Fcategories&post=76051"},{"taxonomy":"post_tag","embeddable":true,"href":"https:\/\/www.egemtv.com\/index.php?rest_route=%2Fwp%2Fv2%2Ftags&post=76051"}],"curies":[{"name":"wp","href":"https:\/\/api.w.org\/{rel}","templated":true}]}}