{"id":76048,"date":"2025-12-23T12:14:51","date_gmt":"2025-12-23T09:14:51","guid":{"rendered":"https:\/\/www.egemtv.com\/?p=76048"},"modified":"2025-12-23T12:14:52","modified_gmt":"2025-12-23T09:14:52","slug":"turk-kizilay-manisadan-merkezefendi-devlet-hastanesindeki-hastalara-destek","status":"publish","type":"post","link":"https:\/\/www.egemtv.com\/?p=76048","title":{"rendered":"T\u00fcrk K\u0131z\u0131lay Manisa\u2019dan Merkezefendi Devlet Hastanesi\u2019ndeki hastalara destek"},"content":{"rendered":"<p>T\u00fcrk K\u0131z\u0131lay Manisa \u0130l Merkezi Ba\u015fkanl\u0131\u011f\u0131, Merkezefendi Devlet Hastanesi\u2019nde tedavi g\u00f6ren hastalar i\u00e7in giysi ve hijyen malzemesi deste\u011finde bulundu.<br \/>\n<br \/>Haz\u0131rlanan kolileri, T\u00fcrk K\u0131z\u0131lay Manisa \u0130l Merkezi Ba\u015fkan\u0131 \u00d6ner G\u00fcrsel ve Y\u00f6netim Kurulu \u00dcyeleri taraf\u0131ndan, Manisa Merkezefendi Devlet Hastanesi Ba\u015fhekimi Uzman Dr. Fatma Neslim Ya\u011fl\u0131\u2019ya teslim edildi.<br \/>\n<br \/>Hastanede tedavi g\u00f6ren ve ihtiya\u00e7 sahibi hastalar\u0131n temel ihtiya\u00e7lar\u0131na katk\u0131 sa\u011flamak amac\u0131yla teslim edilen kolilerde pijama, ti\u015f\u00f6rt, terlik, bebek bezi, \u00e7orap ve spor ayakkab\u0131 bulunuyor.<br \/>\n<br \/>Ba\u015fhekim Uzman Dr. Fatma Neslim Ya\u011fl\u0131, T\u00fcrk K\u0131z\u0131lay\u2019\u0131n her zaman oldu\u011fu gibi sa\u011fl\u0131k kurulu\u015flar\u0131n\u0131n yan\u0131nda yer ald\u0131\u011f\u0131n\u0131 belirterek, sa\u011flanan destekten dolay\u0131 te\u015fekk\u00fcr etti.<br \/>\n<br \/>T\u00fcrk K\u0131z\u0131lay Manisa \u0130l Merkezi Ba\u015fkan\u0131 \u00d6ner G\u00fcrsel ise yapt\u0131\u011f\u0131 a\u00e7\u0131klamada, &#8220;T\u00fcrk K\u0131z\u0131lay olarak insan onurunu merkeze alan bir anlay\u0131\u015fla, ihtiya\u00e7 duyulan her alanda vatanda\u015flar\u0131m\u0131z\u0131n yan\u0131nda olmaya devam ediyoruz. Sa\u011fl\u0131k kurulu\u015flar\u0131m\u0131zla i\u015f birli\u011fi i\u00e7inde, hastalar\u0131m\u0131z\u0131n temel ihtiya\u00e7lar\u0131na destek olmak bizim i\u00e7in b\u00fcy\u00fck bir sorumluluk. Bu \u00e7al\u0131\u015fmada eme\u011fi ge\u00e7en t\u00fcm g\u00f6n\u00fcll\u00fclerimize ve destek veren herkese te\u015fekk\u00fcr ediyorum.&#8221; dedi.<br \/><\/p>\n","protected":false},"excerpt":{"rendered":"<p>T\u00fcrk K\u0131z\u0131lay Manisa \u0130l Merkezi Ba\u015fkanl\u0131\u011f\u0131, Merkezefendi Devlet Hastanesi\u2019nde tedavi g\u00f6ren hastalar i\u00e7in giysi ve hijyen malzemesi deste\u011finde bulundu. Haz\u0131rlanan kolileri, T\u00fcrk K\u0131z\u0131lay Manisa \u0130l Merkezi Ba\u015fkan\u0131 \u00d6ner G\u00fcrsel ve Y\u00f6netim Kurulu \u00dcyeleri taraf\u0131ndan, Manisa Merkezefendi Devlet Hastanesi Ba\u015fhekimi Uzman Dr. Fatma Neslim Ya\u011fl\u0131\u2019ya teslim edildi. Hastanede tedavi g\u00f6ren ve ihtiya\u00e7 sahibi hastalar\u0131n temel ihtiya\u00e7lar\u0131na&#8230;<\/p>\n","protected":false},"author":1,"featured_media":76049,"comment_status":"open","ping_status":"open","sticky":false,"template":"","format":"standard","meta":{"_crdt_document":"","footnotes":""},"categories":[123],"tags":[],"class_list":["post-76048","post","type-post","status-publish","format-standard","has-post-thumbnail","hentry","category-gundem"],"_links":{"self":[{"href":"https:\/\/www.egemtv.com\/index.php?rest_route=\/wp\/v2\/posts\/76048","targetHints":{"allow":["GET"]}}],"collection":[{"href":"https:\/\/www.egemtv.com\/index.php?rest_route=\/wp\/v2\/posts"}],"about":[{"href":"https:\/\/www.egemtv.com\/index.php?rest_route=\/wp\/v2\/types\/post"}],"author":[{"embeddable":true,"href":"https:\/\/www.egemtv.com\/index.php?rest_route=\/wp\/v2\/users\/1"}],"replies":[{"embeddable":true,"href":"https:\/\/www.egemtv.com\/index.php?rest_route=%2Fwp%2Fv2%2Fcomments&post=76048"}],"version-history":[{"count":1,"href":"https:\/\/www.egemtv.com\/index.php?rest_route=\/wp\/v2\/posts\/76048\/revisions"}],"predecessor-version":[{"id":76050,"href":"https:\/\/www.egemtv.com\/index.php?rest_route=\/wp\/v2\/posts\/76048\/revisions\/76050"}],"wp:featuredmedia":[{"embeddable":true,"href":"https:\/\/www.egemtv.com\/index.php?rest_route=\/wp\/v2\/media\/76049"}],"wp:attachment":[{"href":"https:\/\/www.egemtv.com\/index.php?rest_route=%2Fwp%2Fv2%2Fmedia&parent=76048"}],"wp:term":[{"taxonomy":"category","embeddable":true,"href":"https:\/\/www.egemtv.com\/index.php?rest_route=%2Fwp%2Fv2%2Fcategories&post=76048"},{"taxonomy":"post_tag","embeddable":true,"href":"https:\/\/www.egemtv.com\/index.php?rest_route=%2Fwp%2Fv2%2Ftags&post=76048"}],"curies":[{"name":"wp","href":"https:\/\/api.w.org\/{rel}","templated":true}]}}