{"id":76045,"date":"2025-12-23T12:14:50","date_gmt":"2025-12-23T09:14:50","guid":{"rendered":"https:\/\/www.egemtv.com\/?p=76045"},"modified":"2025-12-23T12:14:51","modified_gmt":"2025-12-23T09:14:51","slug":"cavdarhisarda-hayvan-isletmelerinde-salgin-hastaliklara-karsi-dezenfeksiyon","status":"publish","type":"post","link":"https:\/\/www.egemtv.com\/?p=76045","title":{"rendered":"\u00c7avdarhisar\u2019da hayvan i\u015fletmelerinde salg\u0131n hastal\u0131klara kar\u015f\u0131 dezenfeksiyon"},"content":{"rendered":"<p>K\u00fctahya\u2019n\u0131n \u00c7avdarhisar il\u00e7esinde, \u0130l\u00e7e Tar\u0131m ve Orman M\u00fcd\u00fcrl\u00fc\u011f\u00fc taraf\u0131ndan hayvan i\u015fletmelerinde salg\u0131n hastal\u0131klara kar\u015f\u0131 dezenfeksiyon \u00e7al\u0131\u015fmas\u0131 ger\u00e7ekle\u015ftirildi.<br \/>\n<br \/>\u0130l\u00e7e Tar\u0131m ve Orman M\u00fcd\u00fcrl\u00fc\u011f\u00fc personelleri taraf\u0131ndan il\u00e7eye ba\u011fl\u0131 Hac\u0131mahmut K\u00f6y\u00fc\u2019nde bulunan hayvanc\u0131l\u0131k i\u015fletmelerinde y\u00fcr\u00fct\u00fclen \u00e7al\u0131\u015fmalarda, bula\u015f\u0131c\u0131 ve salg\u0131n hayvan hastal\u0131klar\u0131n\u0131n \u00f6nlenmesine y\u00f6nelik kapsaml\u0131 dezenfeksiyon uygulamalar\u0131 yap\u0131ld\u0131.<br \/>\n<br \/>\u00c7al\u0131\u015fmalar kapsam\u0131nda ayr\u0131ca i\u015fletme sahiplerine, hayvan sa\u011fl\u0131\u011f\u0131n\u0131n korunmas\u0131, salg\u0131n hastal\u0131klara kar\u015f\u0131 al\u0131nmas\u0131 gereken \u00f6nlemler ve uygulanmas\u0131 gereken koruyucu tedbirler hakk\u0131nda bilgilendirme yap\u0131ld\u0131.<br \/>\n<br \/>Yetkililer, benzer \u00e7al\u0131\u015fmalar\u0131n il\u00e7e genelinde belirli aral\u0131klarla s\u00fcrd\u00fcr\u00fclece\u011fini belirtti.<br \/><\/p>\n","protected":false},"excerpt":{"rendered":"<p>K\u00fctahya\u2019n\u0131n \u00c7avdarhisar il\u00e7esinde, \u0130l\u00e7e Tar\u0131m ve Orman M\u00fcd\u00fcrl\u00fc\u011f\u00fc taraf\u0131ndan hayvan i\u015fletmelerinde salg\u0131n hastal\u0131klara kar\u015f\u0131 dezenfeksiyon \u00e7al\u0131\u015fmas\u0131 ger\u00e7ekle\u015ftirildi. \u0130l\u00e7e Tar\u0131m ve Orman M\u00fcd\u00fcrl\u00fc\u011f\u00fc personelleri taraf\u0131ndan il\u00e7eye ba\u011fl\u0131 Hac\u0131mahmut K\u00f6y\u00fc\u2019nde bulunan hayvanc\u0131l\u0131k i\u015fletmelerinde y\u00fcr\u00fct\u00fclen \u00e7al\u0131\u015fmalarda, bula\u015f\u0131c\u0131 ve salg\u0131n hayvan hastal\u0131klar\u0131n\u0131n \u00f6nlenmesine y\u00f6nelik kapsaml\u0131 dezenfeksiyon uygulamalar\u0131 yap\u0131ld\u0131. \u00c7al\u0131\u015fmalar kapsam\u0131nda ayr\u0131ca i\u015fletme sahiplerine, hayvan sa\u011fl\u0131\u011f\u0131n\u0131n korunmas\u0131, salg\u0131n hastal\u0131klara kar\u015f\u0131&#8230;<\/p>\n","protected":false},"author":1,"featured_media":76046,"comment_status":"open","ping_status":"open","sticky":false,"template":"","format":"standard","meta":{"_crdt_document":"","footnotes":""},"categories":[2],"tags":[],"class_list":["post-76045","post","type-post","status-publish","format-standard","has-post-thumbnail","hentry","category-saglik"],"_links":{"self":[{"href":"https:\/\/www.egemtv.com\/index.php?rest_route=\/wp\/v2\/posts\/76045","targetHints":{"allow":["GET"]}}],"collection":[{"href":"https:\/\/www.egemtv.com\/index.php?rest_route=\/wp\/v2\/posts"}],"about":[{"href":"https:\/\/www.egemtv.com\/index.php?rest_route=\/wp\/v2\/types\/post"}],"author":[{"embeddable":true,"href":"https:\/\/www.egemtv.com\/index.php?rest_route=\/wp\/v2\/users\/1"}],"replies":[{"embeddable":true,"href":"https:\/\/www.egemtv.com\/index.php?rest_route=%2Fwp%2Fv2%2Fcomments&post=76045"}],"version-history":[{"count":1,"href":"https:\/\/www.egemtv.com\/index.php?rest_route=\/wp\/v2\/posts\/76045\/revisions"}],"predecessor-version":[{"id":76047,"href":"https:\/\/www.egemtv.com\/index.php?rest_route=\/wp\/v2\/posts\/76045\/revisions\/76047"}],"wp:featuredmedia":[{"embeddable":true,"href":"https:\/\/www.egemtv.com\/index.php?rest_route=\/wp\/v2\/media\/76046"}],"wp:attachment":[{"href":"https:\/\/www.egemtv.com\/index.php?rest_route=%2Fwp%2Fv2%2Fmedia&parent=76045"}],"wp:term":[{"taxonomy":"category","embeddable":true,"href":"https:\/\/www.egemtv.com\/index.php?rest_route=%2Fwp%2Fv2%2Fcategories&post=76045"},{"taxonomy":"post_tag","embeddable":true,"href":"https:\/\/www.egemtv.com\/index.php?rest_route=%2Fwp%2Fv2%2Ftags&post=76045"}],"curies":[{"name":"wp","href":"https:\/\/api.w.org\/{rel}","templated":true}]}}